{"id":74147,"date":"2023-08-01T18:32:50","date_gmt":"2023-08-01T18:32:50","guid":{"rendered":"http:\/\/noticiastelered.com\/PortalDNoticias\/?p=74147"},"modified":"2023-08-01T18:32:51","modified_gmt":"2023-08-01T18:32:51","slug":"danna-paola-asegura-tener-problemas-mentales-por-ser-famosa-desde-nina","status":"publish","type":"post","link":"http:\/\/noticiastelered.com\/PortalDNoticias\/danna-paola-asegura-tener-problemas-mentales-por-ser-famosa-desde-nina\/","title":{"rendered":"Danna Paola asegura tener problemas mentales por ser famosa desde ni\u00f1a"},"content":{"rendered":"<p>CIUDAD DE M\u00c9XICO.-  La cantante y actriz mexicana Danna Paola, se sincer\u00f3 en el programa de YouTube \u2018Escuela de nada\u2019, sobre los problemas mentales que vive en la actualidad, los cuales ata\u00f1e a la vida de fama y espect\u00e1culo que experiment\u00f3 desde ni\u00f1a.<\/p>\n<p>De acuerdo con el testimonio de Danna Paola, se dio cuenta desde ni\u00f1a que le gustaba actuar y cantar. Sin embargo, el adentrarse al mundo de la fama y espect\u00e1culo, alejada de interacciones comunes para un peque\u00f1o, le habr\u00edan originado problemas mentales con los que actualmente batalla.<\/p>\n<p>\u201cEs tan importante el desarrollo emocional de un ni\u00f1o [\u2026] aprende patrones, aprende experiencias. Entonces, a m\u00ed me manipularon las emociones desde los cinco a\u00f1os, g\u00fcey. De llorar, estar feliz.  Me abrieron el grifo, pero nadie me dijo como cerrarlo [\u2026] Hoy en d\u00eda, con mi terapeuta, entiendo que la actuaci\u00f3n es actuar, no [\u2026] manipular tus emociones para que hoy tenga mil pe\u2026 de salud mental de ansiedad, de ataques de p\u00e1nico, etc\u00e9tera\u201d, dijo Danna Paola.<\/p>\n<p>Por otra parte, Danna Paola a\u00f1adi\u00f3 que durante su carrera como actriz y cantante, sus relaciones interpersonales, tanto con novios como con amigos, se volvieron descuidados, esto porque reproduc\u00eda la idea de darle mayor importancia al tema laboral, m\u00e1s que a poner l\u00edmites y atender los problemas mentales.<\/p>\n<p>\u201cMi prioridad siempre fue el trabajo. Eso fue algo bien ca\u2026 Como que a m\u00ed me ense\u00f1aron que trabajar era lo m\u00e1s importante y mi vida personal era un punto y aparte\u201d, coment\u00f3.<\/p>\n<p>Danna Paola no ten\u00eda novios por prioridad a la fama<\/p>\n<p>Adem\u00e1s de reconocer que la fama fue uno de los factores que influyeron en los problemas mentales que actualmente padece, Danna Paola confes\u00f3 que durante su carrera actoral y de cantante en la etapa de adolescencia, le fue prohibido, de manera indirecta, tener novios. Esto debido a que sus manejadores quer\u00edan que se enfocara en el trabajo.<\/p>\n<p>\u201cYo nunca hab\u00eda tenido una relaci\u00f3n estable en mi vida, por lo mismo, porque entre mis managements, mi pap\u00e1 era mi manager tambi\u00e9n, que la disquera, la agente. O sea, a mis novios era que casi, casi, les pon\u00edan orden de restricci\u00f3n [\u2026] de que, g\u00fcey, nadie se me pod\u00eda acercar. Cada persona que llegaba a mi vida era como de, \u2018g\u00fcey, al\u00e9jenla\u2019\u201d, declar\u00f3 la Danna Paola.<\/p>\n<p><!-- \/wp:paragraph --><\/p>\n<p><!-- Composite Start --><\/p>\n<div id=\"M240110ScriptRootC290005\">\n<div id=\"M240110PreloadC290005\"> Loading&#8230;<\/div>\n<p><script> (function(){ var D=new Date(),d=document,b='body',ce='createElement',ac='appendChild',st='style',ds='display',n='none',gi='getElementById',lp=d.location.protocol,wp=lp.indexOf('http')==0?lp:'https:'; var i=d[ce]('iframe');i[st][ds]=n;d[gi](\"M240110ScriptRootC290005\")[ac](i);try{var iw=i.contentWindow.document;iw.open();iw.writeln(\"<ht\"+\"ml><bo\"+\"dy><\/bo\"+\"dy><\/ht\"+\"ml>\");iw.close();var c=iw[b];} catch(e){var iw=d;var c=d[gi](\"M240110ScriptRootC290005\");}var dv=iw[ce]('div');dv.id=\"MG_ID\";dv[st][ds]=n;dv.innerHTML=290005;c[ac](dv); var s=iw[ce]('script');s.async='async';s.defer='defer';s.charset='utf-8';s.src=wp+\"\/\/jsc.mgid.com\/n\/o\/noticiastelered.com.290005.js?t=\"+D.getYear()+D.getMonth()+D.getUTCDate()+D.getUTCHours();c[ac](s);})(); <\/script><\/p>\n<\/div>\n<p><!-- Composite End --><\/p>\n","protected":false},"excerpt":{"rendered":"<p>CIUDAD DE M\u00c9XICO.- La cantante y actriz mexicana Danna Paola, se sincer\u00f3 en el programa de YouTube \u2018Escuela de nada\u2019, sobre los problemas mentales que vive en la actualidad, los cuales ata\u00f1e a la vida de fama y espect\u00e1culo que [&hellip;]<\/p>\n","protected":false},"author":2,"featured_media":74150,"comment_status":"open","ping_status":"open","sticky":false,"template":"","format":"standard","meta":[],"categories":[66],"tags":[],"_links":{"self":[{"href":"http:\/\/noticiastelered.com\/PortalDNoticias\/wp-json\/wp\/v2\/posts\/74147"}],"collection":[{"href":"http:\/\/noticiastelered.com\/PortalDNoticias\/wp-json\/wp\/v2\/posts"}],"about":[{"href":"http:\/\/noticiastelered.com\/PortalDNoticias\/wp-json\/wp\/v2\/types\/post"}],"author":[{"embeddable":true,"href":"http:\/\/noticiastelered.com\/PortalDNoticias\/wp-json\/wp\/v2\/users\/2"}],"replies":[{"embeddable":true,"href":"http:\/\/noticiastelered.com\/PortalDNoticias\/wp-json\/wp\/v2\/comments?post=74147"}],"version-history":[{"count":1,"href":"http:\/\/noticiastelered.com\/PortalDNoticias\/wp-json\/wp\/v2\/posts\/74147\/revisions"}],"predecessor-version":[{"id":74151,"href":"http:\/\/noticiastelered.com\/PortalDNoticias\/wp-json\/wp\/v2\/posts\/74147\/revisions\/74151"}],"wp:featuredmedia":[{"embeddable":true,"href":"http:\/\/noticiastelered.com\/PortalDNoticias\/wp-json\/wp\/v2\/media\/74150"}],"wp:attachment":[{"href":"http:\/\/noticiastelered.com\/PortalDNoticias\/wp-json\/wp\/v2\/media?parent=74147"}],"wp:term":[{"taxonomy":"category","embeddable":true,"href":"http:\/\/noticiastelered.com\/PortalDNoticias\/wp-json\/wp\/v2\/categories?post=74147"},{"taxonomy":"post_tag","embeddable":true,"href":"http:\/\/noticiastelered.com\/PortalDNoticias\/wp-json\/wp\/v2\/tags?post=74147"}],"curies":[{"name":"wp","href":"https:\/\/api.w.org\/{rel}","templated":true}]}}