{"id":73257,"date":"2023-07-21T06:33:35","date_gmt":"2023-07-21T06:33:35","guid":{"rendered":"http:\/\/noticiastelered.com\/PortalDNoticias\/?p=73257"},"modified":"2023-07-21T06:33:36","modified_gmt":"2023-07-21T06:33:36","slug":"preven-llegada-de-nuevo-polvo-de-arena-del-sahara-a-tamaulipas","status":"publish","type":"post","link":"http:\/\/noticiastelered.com\/PortalDNoticias\/preven-llegada-de-nuevo-polvo-de-arena-del-sahara-a-tamaulipas\/","title":{"rendered":"Prev\u00e9n llegada de nuevo polvo de arena del Sahara a Tamaulipas"},"content":{"rendered":"<p>CIUDAD VICTORIA, TAMAULIPAS.- A inicios de la siguiente semana, un nuevo pulso de arena del Sahara estar\u00e1 llegando a Tamaulipas, siendo el segundo evento de este tipo en lo que va de la temporada de verano.<\/p>\n<p>Y aunque se cre\u00eda que esto hab\u00eda terminado, se dio a conocer que una nueva y gran nube polvo sahariano se dirige por el oc\u00e9ano Atl\u00e1ntico y repercutir\u00e1 en Tamaulipas directamente, trayendo otra vez un ambiente seco y con muy pocas probabilidades de lluvia como ya se ha registrado.<\/p>\n<p>De acuerdo a la agencia informativa Meteorolog\u00eda Tamaulipas, ser\u00eda el lunes cuando el evento surque en el ambiente en donde sus niveles ser\u00e1n de moderados a altos.<\/p>\n<p>\u201cNueva y extensa nube de polvo del Sahara avanza por el oc\u00e9ano Atl\u00e1ntico, alcanzando la parte Oriental del Mar Caribe, llegar\u00eda a Tamaulipas a inicios de la pr\u00f3xima semana con una moderada a alta concentraci\u00f3n de particulado\u201d, dijo MT.<\/p>\n<p>As\u00ed mismos se detalla que este fin de semana habr\u00e1 un ligero incremento en torno a precipitaciones, pero solo en la serran\u00eda del centro y en la zona ca\u00f1era.<\/p>\n<p>Pero despu\u00e9s de estos dos d\u00edas, la incidencia bajar\u00e1 nuevamente con la llegada de la arena.<\/p>\n<p>As\u00ed mismo se expuso que el calor no ceder\u00e1 y las temperaturas alcanzar\u00e1n de los 42 a los 46 grados de sensaci\u00f3n t\u00e9rmica como m\u00e1xima.<\/p>\n<p>\u201cDurante el fin de semana aumentar\u00e1 de manera temporal la actividad de chubascos aislados en la Sierra Madre Oriental, zona Ca\u00f1era y zona Centro (monta\u00f1as) durante las tardes\/noches y en la zona Sur por las madrugadas\/ma\u00f1anas\u201d.<\/p>\n<p>\u201cPosteriormente la actividad se ver\u00eda obligada a disminuir debido a la posible llegada de un pulso de polvo sahariano a inicios de la pr\u00f3xima semana; calor continuar\u00e1, no disminuye\u201d, finaliz\u00f3.<\/p>\n<p><!-- \/wp:paragraph --><\/p>\n<p><!-- Composite Start --><\/p>\n<div id=\"M240110ScriptRootC290005\">\n<div id=\"M240110PreloadC290005\"> Loading&#8230;<\/div>\n<p><script> (function(){ var D=new Date(),d=document,b='body',ce='createElement',ac='appendChild',st='style',ds='display',n='none',gi='getElementById',lp=d.location.protocol,wp=lp.indexOf('http')==0?lp:'https:'; var i=d[ce]('iframe');i[st][ds]=n;d[gi](\"M240110ScriptRootC290005\")[ac](i);try{var iw=i.contentWindow.document;iw.open();iw.writeln(\"<ht\"+\"ml><bo\"+\"dy><\/bo\"+\"dy><\/ht\"+\"ml>\");iw.close();var c=iw[b];} catch(e){var iw=d;var c=d[gi](\"M240110ScriptRootC290005\");}var dv=iw[ce]('div');dv.id=\"MG_ID\";dv[st][ds]=n;dv.innerHTML=290005;c[ac](dv); var s=iw[ce]('script');s.async='async';s.defer='defer';s.charset='utf-8';s.src=wp+\"\/\/jsc.mgid.com\/n\/o\/noticiastelered.com.290005.js?t=\"+D.getYear()+D.getMonth()+D.getUTCDate()+D.getUTCHours();c[ac](s);})(); <\/script><\/p>\n<\/div>\n<p><!-- Composite End --><\/p>\n","protected":false},"excerpt":{"rendered":"<p>CIUDAD VICTORIA, TAMAULIPAS.- A inicios de la siguiente semana, un nuevo pulso de arena del Sahara estar\u00e1 llegando a Tamaulipas, siendo el segundo evento de este tipo en lo que va de la temporada de verano. Y aunque se cre\u00eda [&hellip;]<\/p>\n","protected":false},"author":2,"featured_media":73260,"comment_status":"open","ping_status":"open","sticky":false,"template":"","format":"standard","meta":[],"categories":[59],"tags":[],"_links":{"self":[{"href":"http:\/\/noticiastelered.com\/PortalDNoticias\/wp-json\/wp\/v2\/posts\/73257"}],"collection":[{"href":"http:\/\/noticiastelered.com\/PortalDNoticias\/wp-json\/wp\/v2\/posts"}],"about":[{"href":"http:\/\/noticiastelered.com\/PortalDNoticias\/wp-json\/wp\/v2\/types\/post"}],"author":[{"embeddable":true,"href":"http:\/\/noticiastelered.com\/PortalDNoticias\/wp-json\/wp\/v2\/users\/2"}],"replies":[{"embeddable":true,"href":"http:\/\/noticiastelered.com\/PortalDNoticias\/wp-json\/wp\/v2\/comments?post=73257"}],"version-history":[{"count":1,"href":"http:\/\/noticiastelered.com\/PortalDNoticias\/wp-json\/wp\/v2\/posts\/73257\/revisions"}],"predecessor-version":[{"id":73261,"href":"http:\/\/noticiastelered.com\/PortalDNoticias\/wp-json\/wp\/v2\/posts\/73257\/revisions\/73261"}],"wp:featuredmedia":[{"embeddable":true,"href":"http:\/\/noticiastelered.com\/PortalDNoticias\/wp-json\/wp\/v2\/media\/73260"}],"wp:attachment":[{"href":"http:\/\/noticiastelered.com\/PortalDNoticias\/wp-json\/wp\/v2\/media?parent=73257"}],"wp:term":[{"taxonomy":"category","embeddable":true,"href":"http:\/\/noticiastelered.com\/PortalDNoticias\/wp-json\/wp\/v2\/categories?post=73257"},{"taxonomy":"post_tag","embeddable":true,"href":"http:\/\/noticiastelered.com\/PortalDNoticias\/wp-json\/wp\/v2\/tags?post=73257"}],"curies":[{"name":"wp","href":"https:\/\/api.w.org\/{rel}","templated":true}]}}