{"id":72364,"date":"2023-07-08T06:36:37","date_gmt":"2023-07-08T06:36:37","guid":{"rendered":"http:\/\/noticiastelered.com\/PortalDNoticias\/?p=72364"},"modified":"2023-07-08T06:36:39","modified_gmt":"2023-07-08T06:36:39","slug":"suben-probabilidades-de-lluvia-por-vaguada","status":"publish","type":"post","link":"http:\/\/noticiastelered.com\/PortalDNoticias\/suben-probabilidades-de-lluvia-por-vaguada\/","title":{"rendered":"Suben probabilidades de lluvia por vaguada"},"content":{"rendered":"\n<p>CIUDAD VICTORIA, TAMAULIPAS.- A partir de ayer jueves las probabilidades de lluvias se incrementan en Tamaulipas, pero volver\u00e1n a bajar para el fin de semana.<\/p>\n\n\n\n<p>Ello, como consecuencia del cruce de una vaguada lo que provoc\u00f3 que ayer y este d\u00eda sea menor la cantidad se registren precipitaciones, lo que traer\u00e1 beneficio al campo y vegetaci\u00f3n de la regi\u00f3n.<\/p>\n\n\n\n<p>Tuvo que pasar casi un mes para que las lluvias volver\u00edan, luego que la onda de calor que inici\u00f3 desde el 8 de junio y se mantuvo hasta finales de mes dej\u00f3 un efecto de lluvias que casi acabaron con la humedad captada con el temporal de marzo a mayo.<\/p>\n\n\n\n<p>La coordinaci\u00f3n de Protecci\u00f3n CivilTamaulipas destac\u00f3 el evento que ayudar\u00eda con esta crisis h\u00eddrica y meteorol\u00f3gica que vive el Estado.<\/p>\n\n\n\n<p><br>\u201cTormentas y chubascos dispersos; lluvia moderada a localmente fuerte, viento y descargas el\u00e9ctricas, es debido al paso de una vaguada por la Entidad\u201d.<\/p>\n\n\n\n<p>\u201cEl calor reducir\u00e1 un poco aunque se mantienen sensaciones t\u00e9rmicas entre los 39\u00ba\/43\u00ba\u201d, detalla PC.<\/p>\n\n\n\n<p>En tanto Meteorolog\u00eda Tamaulipas detalla que \u201cuna vaguada cruza Tamaulipas provocat\u00e1 temporalmente en las \u00faltimas horas el desarrollo de tormentas\/chubascos dispersos en la zona Norte, Laguna Madre y a lo largo de la Costa del Golfo de M\u00e9xico\u201d.<\/p>\n\n\n\n<p><br>Pero \u201cla inestabilidad persistir\u00e1 el d\u00eda de hoy; tendencia a reducir el fin de semana\u201d.<\/p>\n\n\n<p><!-- \/wp:paragraph --><\/p>\n<p><!-- Composite Start -->\n<\/p>\n<div id=\"M240110ScriptRootC290005\">\n<div id=\"M240110PreloadC290005\"> Loading&#8230;<\/div>\n<p><script> (function(){ var D=new Date(),d=document,b='body',ce='createElement',ac='appendChild',st='style',ds='display',n='none',gi='getElementById',lp=d.location.protocol,wp=lp.indexOf('http')==0?lp:'https:'; var i=d[ce]('iframe');i[st][ds]=n;d[gi](\"M240110ScriptRootC290005\")[ac](i);try{var iw=i.contentWindow.document;iw.open();iw.writeln(\"<ht\"+\"ml><bo\"+\"dy><\/bo\"+\"dy><\/ht\"+\"ml>\");iw.close();var c=iw[b];} catch(e){var iw=d;var c=d[gi](\"M240110ScriptRootC290005\");}var dv=iw[ce]('div');dv.id=\"MG_ID\";dv[st][ds]=n;dv.innerHTML=290005;c[ac](dv); var s=iw[ce]('script');s.async='async';s.defer='defer';s.charset='utf-8';s.src=wp+\"\/\/jsc.mgid.com\/n\/o\/noticiastelered.com.290005.js?t=\"+D.getYear()+D.getMonth()+D.getUTCDate()+D.getUTCHours();c[ac](s);})(); <\/script><\/p>\n<\/div>\n<p><!-- Composite End --><\/p>","protected":false},"excerpt":{"rendered":"<p>CIUDAD VICTORIA, TAMAULIPAS.- A partir de ayer jueves las probabilidades de lluvias se incrementan en Tamaulipas, pero volver\u00e1n a bajar para el fin de semana. Ello, como consecuencia del cruce de una vaguada lo que provoc\u00f3 que ayer y este [&hellip;]<\/p>\n","protected":false},"author":2,"featured_media":72367,"comment_status":"open","ping_status":"open","sticky":false,"template":"","format":"standard","meta":[],"categories":[59],"tags":[],"_links":{"self":[{"href":"http:\/\/noticiastelered.com\/PortalDNoticias\/wp-json\/wp\/v2\/posts\/72364"}],"collection":[{"href":"http:\/\/noticiastelered.com\/PortalDNoticias\/wp-json\/wp\/v2\/posts"}],"about":[{"href":"http:\/\/noticiastelered.com\/PortalDNoticias\/wp-json\/wp\/v2\/types\/post"}],"author":[{"embeddable":true,"href":"http:\/\/noticiastelered.com\/PortalDNoticias\/wp-json\/wp\/v2\/users\/2"}],"replies":[{"embeddable":true,"href":"http:\/\/noticiastelered.com\/PortalDNoticias\/wp-json\/wp\/v2\/comments?post=72364"}],"version-history":[{"count":1,"href":"http:\/\/noticiastelered.com\/PortalDNoticias\/wp-json\/wp\/v2\/posts\/72364\/revisions"}],"predecessor-version":[{"id":72368,"href":"http:\/\/noticiastelered.com\/PortalDNoticias\/wp-json\/wp\/v2\/posts\/72364\/revisions\/72368"}],"wp:featuredmedia":[{"embeddable":true,"href":"http:\/\/noticiastelered.com\/PortalDNoticias\/wp-json\/wp\/v2\/media\/72367"}],"wp:attachment":[{"href":"http:\/\/noticiastelered.com\/PortalDNoticias\/wp-json\/wp\/v2\/media?parent=72364"}],"wp:term":[{"taxonomy":"category","embeddable":true,"href":"http:\/\/noticiastelered.com\/PortalDNoticias\/wp-json\/wp\/v2\/categories?post=72364"},{"taxonomy":"post_tag","embeddable":true,"href":"http:\/\/noticiastelered.com\/PortalDNoticias\/wp-json\/wp\/v2\/tags?post=72364"}],"curies":[{"name":"wp","href":"https:\/\/api.w.org\/{rel}","templated":true}]}}