{"id":72348,"date":"2023-07-07T01:37:23","date_gmt":"2023-07-07T01:37:23","guid":{"rendered":"http:\/\/noticiastelered.com\/PortalDNoticias\/?p=72348"},"modified":"2023-07-07T01:37:25","modified_gmt":"2023-07-07T01:37:25","slug":"mataron-a-paco-stanley-porque-tenia-una-deuda-de-droga-alfredo-adame","status":"publish","type":"post","link":"http:\/\/noticiastelered.com\/PortalDNoticias\/mataron-a-paco-stanley-porque-tenia-una-deuda-de-droga-alfredo-adame\/","title":{"rendered":"Mataron a Paco Stanley porque ten\u00eda una deuda de droga: Alfredo Adame"},"content":{"rendered":"\n<p>M\u00c9XICO.- Alfredo Adame declar\u00f3 que Paco Stanley \u201cera muy mala persona, era un hombre que fue v\u00edctima de su propio \u00e9xito\u201d, al ser cuestionado sobre la vida y muerte del querido conductor mexicano ocurrida el 7 de junio de 1999 afuera del restaurante \u201cEl Charco de las ranas\u201d en donde fue emboscado por hombres armados.<\/p>\n\n\n\n<p>En entrevista con Radio F\u00f3rmula explic\u00f3 que el tambi\u00e9n locutor empez\u00f3 a subir como la espuma y que la gente lo amaba pero cay\u00f3 en vicios y malas practicas, que se volvi\u00f3 soberbio y arrogante por lo que cometi\u00f3 muchos errores que lo hicieron perderse en el camino.<\/p>\n\n\n\n<p><\/p>\n\n\n\n<p>Declar\u00f3 que fue el resultado de una vida totalmente errada e incluso record\u00f3 que le present\u00f3 a una conocida originaria se Xalapa, Veracruz y que Stanley se comport\u00f3 muy mal con ella, record\u00f3 que una amiga le dijo que su hermana quer\u00eda entrar en la televisi\u00f3n y que le ayudara por lo que Adame la contacto con el pap\u00e1 de Paul Stanley y acept\u00f3 de inmediato. <\/p>\n\n\n\n<p>Pero que al mes y medio renunci\u00f3 debido a que la acos\u00f3 y despu\u00e9s intent\u00f3 abusar sexualmente de ella, por lo que la joven prefiri\u00f3 no volverse a presentar en su trabajo.<\/p>\n\n\n\n<p>Alfredo Adame asegura que Paco Stanley traficaba con drogas y que todo mundo lo sab\u00eda, e incluso revel\u00f3 que por los contactos que tenia esa \u00e9poca y que uno de ellos era un comandante federal de seguridad que incluso aparece en el video cuando se realiz\u00f3 el operativo por la muerte del presentador, que le confes\u00f3 que \u201ceso fue porque Paco Stanley ten\u00eda una deuda de mas de 50 kilos de coca\u00edna con un lord de la droga y con esa gente no te puedes meter a quererlos robar\u201d, acot\u00f3 que eso fue lo que motiv\u00f3 el crimen\u201d.<\/p>\n\n\n\n<p>El exconductor de \u201cHoy\u201d desminti\u00f3 que lo hayan mandado matar por otro motivo como por andar con la esposa de alg\u00fan general, ni por hacerle el feo a alguna cadena televisiva \u201cnadie te manda a matar por eso\u201d.<\/p>\n","protected":false},"excerpt":{"rendered":"<p>M\u00c9XICO.- Alfredo Adame declar\u00f3 que Paco Stanley \u201cera muy mala persona, era un hombre que fue v\u00edctima de su propio \u00e9xito\u201d, al ser cuestionado sobre la vida y muerte del querido conductor mexicano ocurrida el 7 de junio de 1999 [&hellip;]<\/p>\n","protected":false},"author":2,"featured_media":72351,"comment_status":"open","ping_status":"open","sticky":false,"template":"","format":"standard","meta":[],"categories":[66],"tags":[],"_links":{"self":[{"href":"http:\/\/noticiastelered.com\/PortalDNoticias\/wp-json\/wp\/v2\/posts\/72348"}],"collection":[{"href":"http:\/\/noticiastelered.com\/PortalDNoticias\/wp-json\/wp\/v2\/posts"}],"about":[{"href":"http:\/\/noticiastelered.com\/PortalDNoticias\/wp-json\/wp\/v2\/types\/post"}],"author":[{"embeddable":true,"href":"http:\/\/noticiastelered.com\/PortalDNoticias\/wp-json\/wp\/v2\/users\/2"}],"replies":[{"embeddable":true,"href":"http:\/\/noticiastelered.com\/PortalDNoticias\/wp-json\/wp\/v2\/comments?post=72348"}],"version-history":[{"count":1,"href":"http:\/\/noticiastelered.com\/PortalDNoticias\/wp-json\/wp\/v2\/posts\/72348\/revisions"}],"predecessor-version":[{"id":72352,"href":"http:\/\/noticiastelered.com\/PortalDNoticias\/wp-json\/wp\/v2\/posts\/72348\/revisions\/72352"}],"wp:featuredmedia":[{"embeddable":true,"href":"http:\/\/noticiastelered.com\/PortalDNoticias\/wp-json\/wp\/v2\/media\/72351"}],"wp:attachment":[{"href":"http:\/\/noticiastelered.com\/PortalDNoticias\/wp-json\/wp\/v2\/media?parent=72348"}],"wp:term":[{"taxonomy":"category","embeddable":true,"href":"http:\/\/noticiastelered.com\/PortalDNoticias\/wp-json\/wp\/v2\/categories?post=72348"},{"taxonomy":"post_tag","embeddable":true,"href":"http:\/\/noticiastelered.com\/PortalDNoticias\/wp-json\/wp\/v2\/tags?post=72348"}],"curies":[{"name":"wp","href":"https:\/\/api.w.org\/{rel}","templated":true}]}}