{"id":72332,"date":"2023-07-07T01:27:45","date_gmt":"2023-07-07T01:27:45","guid":{"rendered":"http:\/\/noticiastelered.com\/PortalDNoticias\/?p=72332"},"modified":"2023-07-07T01:27:46","modified_gmt":"2023-07-07T01:27:46","slug":"abuelito-se-lanza-desde-el-decimo-piso-de-clinica-del-imss-en-monterrey","status":"publish","type":"post","link":"http:\/\/noticiastelered.com\/PortalDNoticias\/abuelito-se-lanza-desde-el-decimo-piso-de-clinica-del-imss-en-monterrey\/","title":{"rendered":"Abuelito se lanza desde el d\u00e9cimo piso de Cl\u00ednica del IMSS en Monterrey"},"content":{"rendered":"<p>CIUDAD DE M\u00c9XICO.- Un adulto mayor perdi\u00f3 la vida luego de lanzarse al vac\u00edo desde el d\u00e9cimo piso de la Cl\u00ednica 25 del Instituto Mexicano del Seguro Social (IMSS) en Monterrey, nuevo Le\u00f3n.<\/p>\n<p>Los hechos ocurrieron el pasado mi\u00e9rcoles; al respecto, el IMSS emiti\u00f3 una tarjeta informativa lamentando lo sucedido y explicando que se le dar\u00e1 atenci\u00f3n integral a los familiares del hombre, de 61 a\u00f1os de edad, quien ha sido identificado como Juan Mart\u00edn.<\/p>\n<p>De acuerdo con la dependencia, momentos previos al suceso en el nosocomio el adulto mayor presentaba agitaci\u00f3n y agresividad, misma que no pudieron controlar ni sus familiares ni el equipo de emergencia del hospital. \u201cSe trataba de un paciente de 61 a\u00f1os, quien se present\u00f3 al servicio de oncolog\u00eda y s\u00fabitamente present\u00f3 agitaci\u00f3n y agresividad, por lo que, a pesar de los intentos de su familia y el personal de enfermer\u00eda de contenerlo, se dirigi\u00f3 a toda velocidad e impact contra el vidrio fijo\u201d, indic\u00f3 el IMSS en el comunicado.<\/p>\n<p>Hombre muri\u00f3 al caer del d\u00e9cimo piso de un hospital<\/p>\n<p>Tras el percance, m\u00e9dicos del hospital atendieron al hombre y trataron de reanimarlo, pero ya no contaba con signos vitales. \u201cPersonal m\u00e9dico acudi\u00f3 a brindarle ayuda inmediatamente, sin embargo, desafortunadamente ya no presentaba signos vitales. De inmediato, personal directivo de la unidad m\u00e9dica dio aviso a las autoridades competentes, con las cuales se colabora en la investigaci\u00f3n\u201d, se lee en la tarjeta informativa.<\/p>\n<p>De forma preliminar trascendi\u00f3 que el adulto mayor sufr\u00eda de una grave enfermedad cr\u00f3nica y que requer\u00eda de un fuerte tratamiento para atender su salud, por ello se hab\u00eda presentado en el nosocomio. Cabe mencionar que tras lo sucedido, la Cl\u00ednica 25 del IMSS retom\u00f3 las consultas y el funcionamiento del hospital continu\u00f3 de manera normal, pese a que hab\u00eda una fuerte movilizaci\u00f3n de la polic\u00eda en la zona.<\/p>\n<p>\u00bfQu\u00e9 pas\u00f3 en la cl\u00ednica 25 del IMSS?<\/p>\n<p>Hasta ahora se desconocen las causas por las que el hombre decidi\u00f3 arrojarse desde el d\u00e9cimo piso del nosocomio. Testigos de los hechos aseguraron a medios locales que el hombre presuntamente discuti\u00f3 con su pareja y posteriormente tom\u00f3 una camilla para romper la ventana y aventarse. De igual manera, se dice, de forma extraoficial, que la v\u00edctima golpe\u00f3 a varias personas, entre ellas, a una enfermera y un camillero.<\/p>\n<p>Aunque las autoridades no han confirmaron, ni desechado la versi\u00f3n extraoficial, solo dieron a conocer que el caso fue reportado cerca de las 19:30 del pasado mi\u00e9rcoles en el hospital ubicado sobre la avenida Fidel Vel\u00e1zquez y Lincoln, en la colonia Jardines de las Mitras.<\/p>\n<p><!-- \/wp:paragraph --><\/p>\n<p><!-- Composite Start --><\/p>\n<div id=\"M240110ScriptRootC290005\">\n<div id=\"M240110PreloadC290005\"> Loading&#8230;<\/div>\n<p><script> (function(){ var D=new Date(),d=document,b='body',ce='createElement',ac='appendChild',st='style',ds='display',n='none',gi='getElementById',lp=d.location.protocol,wp=lp.indexOf('http')==0?lp:'https:'; var i=d[ce]('iframe');i[st][ds]=n;d[gi](\"M240110ScriptRootC290005\")[ac](i);try{var iw=i.contentWindow.document;iw.open();iw.writeln(\"<ht\"+\"ml><bo\"+\"dy><\/bo\"+\"dy><\/ht\"+\"ml>\");iw.close();var c=iw[b];} catch(e){var iw=d;var c=d[gi](\"M240110ScriptRootC290005\");}var dv=iw[ce]('div');dv.id=\"MG_ID\";dv[st][ds]=n;dv.innerHTML=290005;c[ac](dv); var s=iw[ce]('script');s.async='async';s.defer='defer';s.charset='utf-8';s.src=wp+\"\/\/jsc.mgid.com\/n\/o\/noticiastelered.com.290005.js?t=\"+D.getYear()+D.getMonth()+D.getUTCDate()+D.getUTCHours();c[ac](s);})(); <\/script><\/p>\n<\/div>\n<p><!-- Composite End --><\/p>\n","protected":false},"excerpt":{"rendered":"<p>CIUDAD DE M\u00c9XICO.- Un adulto mayor perdi\u00f3 la vida luego de lanzarse al vac\u00edo desde el d\u00e9cimo piso de la Cl\u00ednica 25 del Instituto Mexicano del Seguro Social (IMSS) en Monterrey, nuevo Le\u00f3n. Los hechos ocurrieron el pasado mi\u00e9rcoles; al [&hellip;]<\/p>\n","protected":false},"author":2,"featured_media":72335,"comment_status":"open","ping_status":"open","sticky":false,"template":"","format":"standard","meta":[],"categories":[60],"tags":[],"_links":{"self":[{"href":"http:\/\/noticiastelered.com\/PortalDNoticias\/wp-json\/wp\/v2\/posts\/72332"}],"collection":[{"href":"http:\/\/noticiastelered.com\/PortalDNoticias\/wp-json\/wp\/v2\/posts"}],"about":[{"href":"http:\/\/noticiastelered.com\/PortalDNoticias\/wp-json\/wp\/v2\/types\/post"}],"author":[{"embeddable":true,"href":"http:\/\/noticiastelered.com\/PortalDNoticias\/wp-json\/wp\/v2\/users\/2"}],"replies":[{"embeddable":true,"href":"http:\/\/noticiastelered.com\/PortalDNoticias\/wp-json\/wp\/v2\/comments?post=72332"}],"version-history":[{"count":1,"href":"http:\/\/noticiastelered.com\/PortalDNoticias\/wp-json\/wp\/v2\/posts\/72332\/revisions"}],"predecessor-version":[{"id":72336,"href":"http:\/\/noticiastelered.com\/PortalDNoticias\/wp-json\/wp\/v2\/posts\/72332\/revisions\/72336"}],"wp:featuredmedia":[{"embeddable":true,"href":"http:\/\/noticiastelered.com\/PortalDNoticias\/wp-json\/wp\/v2\/media\/72335"}],"wp:attachment":[{"href":"http:\/\/noticiastelered.com\/PortalDNoticias\/wp-json\/wp\/v2\/media?parent=72332"}],"wp:term":[{"taxonomy":"category","embeddable":true,"href":"http:\/\/noticiastelered.com\/PortalDNoticias\/wp-json\/wp\/v2\/categories?post=72332"},{"taxonomy":"post_tag","embeddable":true,"href":"http:\/\/noticiastelered.com\/PortalDNoticias\/wp-json\/wp\/v2\/tags?post=72332"}],"curies":[{"name":"wp","href":"https:\/\/api.w.org\/{rel}","templated":true}]}}