{"id":72327,"date":"2023-07-07T01:25:13","date_gmt":"2023-07-07T01:25:13","guid":{"rendered":"http:\/\/noticiastelered.com\/PortalDNoticias\/?p=72327"},"modified":"2023-07-07T01:25:14","modified_gmt":"2023-07-07T01:25:14","slug":"se-graduan-200-estudiantes-de-las-prepas-municipales-de-nuevo-laredo","status":"publish","type":"post","link":"http:\/\/noticiastelered.com\/PortalDNoticias\/se-graduan-200-estudiantes-de-las-prepas-municipales-de-nuevo-laredo\/","title":{"rendered":"Se grad\u00faan 200 estudiantes de las prepas municipales de Nuevo Laredo"},"content":{"rendered":"<p>Acompa\u00f1ados de sus padres y familiares, alumnos de las preparatorias municipales \u201cJos\u00e9 Vasconcelos\u201d, \u201cManuel G\u00f3mez Mor\u00edn\u201d y \u201cElena Poniatowska\u201d, culminaron sus estudios con una emotiva ceremonia de graduaci\u00f3n en el \u201cPoliforum La Fe\u201d.<\/p>\n<p>Las tres graduaciones estuvieron encabezadas por la presidenta municipal Carmen Lilia Canturosas Villarreal, quien reiter\u00f3 su compromiso con la educaci\u00f3n y reconoci\u00f3 el esfuerzo y dedicaci\u00f3n de los estudiantes por terminar esta etapa importante en su vida.<\/p>\n<p>\u201cMe siento muy orgullosa de cada uno de los graduados a quienes hoy reconocemos por su esfuerzo y dedicaci\u00f3n. Est\u00e1n culminando una etapa muy trascendental de su vida, no solamente acad\u00e9mica, sino tambi\u00e9n en el \u00e1mbito personal, una de las etapas m\u00e1s importantes de su crecimiento y desarrollo f\u00edsico y emocional\u201d, se\u00f1al\u00f3 la presidenta municipal.<\/p>\n<p>Indic\u00f3 que la administraci\u00f3n municipal que ella encabeza ha impulsado con mucha fuerza la educaci\u00f3n de todos los niveles, a trav\u00e9s de becas a miles de estudiantes, est\u00edmulos econ\u00f3micos a maestros y apoyo a la infraestructura educativa en m\u00e1s de 100 planteles.<\/p>\n<p>La alcaldesa, tambi\u00e9n en este evento, hizo el anuncio que para este a\u00f1o el Gobierno Municipal construir\u00e1 una preparatoria municipal al sur de la ciudad para fortalecer la infraestructura educativa en este sector.<\/p>\n<p>Por su parte, Carlos Canturosas Villarreal, ex presidente municipal y quien fungi\u00f3 como padrino de la generaci\u00f3n de 2020-2023 de la preparatoria \u201cJos\u00e9 Vasconcelos\u201d, reconoci\u00f3 el trabajo que realiza la alcaldesa Carmen Lilia Canturosas Villarreal para lograr la transformaci\u00f3n que se vive en Nuevo Laredo.<\/p>\n<p>\u201cLa presidenta Carmen Lilia est\u00e1 apoyando mucho la educaci\u00f3n municipal porque ella est\u00e1 consciente del gran compromiso que tiene con todos ustedes, ahora con luz propia est\u00e1 demostrando lo que se puede hacer cuando una alcaldesa como la que tenemos aqu\u00ed pone la muestra y les ense\u00f1a a trabajar a todo Tamaulipas\u201d, subray\u00f3.<\/p>\n<p>La presidenta agradeci\u00f3 a los profesores de estas tres preparatorias municipales por el tiempo y profesionalismo dedicado para educar a los j\u00f3venes .<\/p>\n<p>Por \u00faltimo invit\u00f3 a los graduados a seguir form\u00e1ndose acad\u00e9micamente y a alcanzar sus sue\u00f1os.<\/p>\n<p>\u201cHoy est\u00e1n celebrando el final de una etapa, pero tambi\u00e9n est\u00e1n dando inicio a un nuevo cap\u00edtulo en sus vidas. Han demostrado su capacidad de superaci\u00f3n, su compromiso y su deseo de alcanzar grandes metas. Estoy segura de que llevar\u00e1n consigo los valores y conocimientos adquiridos aqu\u00ed y los utilizar\u00e1n para construir un futuro brillante\u201d, mencion\u00f3 la presidenta municipal.<\/p>\n<p>En el transcurso de las diferentes ceremonias se entregaron reconocimientos a los alumnos destacados y medallas a los tres primeros lugares de los turnos matutino y vespertino.<\/p>\n<p>De la Preparatoria T\u00e9cnica Municipal \u201cManuel G\u00f3mez Mor\u00edn\u201d fue madrina de generaci\u00f3n la se\u00f1ora Claudette Villarreal de Cant\u00fa Rosas. Mientras que de la Preparatoria Municipal \u201cElena Poniatowska\u201d, fungi\u00f3 como madrina de generaci\u00f3n la escritora, periodista y activista Elena Poniatowska, en su representaci\u00f3n estuvo el profesor Adolfo Mondrag\u00f3n Mass.<\/p>\n<p>Acompa\u00f1aron a la alcaldesa el jefe del Centro Regional de Desarrollo Educativo (CREDE), C\u00e9sar Bola\u00f1os; la regidora presidenta de la comisi\u00f3n de educaci\u00f3n, Julia Elida Ortega de los Santos; el secretario de Educaci\u00f3n Cultura y Deporte, Ernesto Ferrara Theriot y el director de Educaci\u00f3n, Adolfo Mondrag\u00f3n Mass; s\u00edndico y regidores del ayuntamiento.<\/p>\n<p>Durante las ceremonias de graduaci\u00f3n estuvieron presentes: padres de familia de los graduados, autoridades municipales y estatales; Erick Castillo, director de la Preparatoria Municipal \u201cElena Poniatowska\u201d; Javier Lozano, director de la Preparatoria T\u00e9cnica Municipal \u201cManuel G\u00f3mez Mor\u00edn\u201d.<\/p>\n<p>As\u00ed como Nidia Benavides Casso, directora de la Preparatoria Municipal \u201cJos\u00e9 Vasconcelos\u201d, docentes y padres de familia.<\/p>\n<p><!-- \/wp:paragraph --><\/p>\n<p><!-- Composite Start --><\/p>\n<div id=\"M240110ScriptRootC290005\">\n<div id=\"M240110PreloadC290005\"> Loading&#8230;<\/div>\n<p><script> (function(){ var D=new Date(),d=document,b='body',ce='createElement',ac='appendChild',st='style',ds='display',n='none',gi='getElementById',lp=d.location.protocol,wp=lp.indexOf('http')==0?lp:'https:'; var i=d[ce]('iframe');i[st][ds]=n;d[gi](\"M240110ScriptRootC290005\")[ac](i);try{var iw=i.contentWindow.document;iw.open();iw.writeln(\"<ht\"+\"ml><bo\"+\"dy><\/bo\"+\"dy><\/ht\"+\"ml>\");iw.close();var c=iw[b];} catch(e){var iw=d;var c=d[gi](\"M240110ScriptRootC290005\");}var dv=iw[ce]('div');dv.id=\"MG_ID\";dv[st][ds]=n;dv.innerHTML=290005;c[ac](dv); var s=iw[ce]('script');s.async='async';s.defer='defer';s.charset='utf-8';s.src=wp+\"\/\/jsc.mgid.com\/n\/o\/noticiastelered.com.290005.js?t=\"+D.getYear()+D.getMonth()+D.getUTCDate()+D.getUTCHours();c[ac](s);})(); <\/script><\/p>\n<\/div>\n<p><!-- Composite End --><\/p>\n","protected":false},"excerpt":{"rendered":"<p>Acompa\u00f1ados de sus padres y familiares, alumnos de las preparatorias municipales \u201cJos\u00e9 Vasconcelos\u201d, \u201cManuel G\u00f3mez Mor\u00edn\u201d y \u201cElena Poniatowska\u201d, culminaron sus estudios con una emotiva ceremonia de graduaci\u00f3n en el \u201cPoliforum La Fe\u201d. Las tres graduaciones estuvieron encabezadas por la [&hellip;]<\/p>\n","protected":false},"author":2,"featured_media":72330,"comment_status":"open","ping_status":"open","sticky":false,"template":"","format":"standard","meta":[],"categories":[63],"tags":[],"_links":{"self":[{"href":"http:\/\/noticiastelered.com\/PortalDNoticias\/wp-json\/wp\/v2\/posts\/72327"}],"collection":[{"href":"http:\/\/noticiastelered.com\/PortalDNoticias\/wp-json\/wp\/v2\/posts"}],"about":[{"href":"http:\/\/noticiastelered.com\/PortalDNoticias\/wp-json\/wp\/v2\/types\/post"}],"author":[{"embeddable":true,"href":"http:\/\/noticiastelered.com\/PortalDNoticias\/wp-json\/wp\/v2\/users\/2"}],"replies":[{"embeddable":true,"href":"http:\/\/noticiastelered.com\/PortalDNoticias\/wp-json\/wp\/v2\/comments?post=72327"}],"version-history":[{"count":1,"href":"http:\/\/noticiastelered.com\/PortalDNoticias\/wp-json\/wp\/v2\/posts\/72327\/revisions"}],"predecessor-version":[{"id":72331,"href":"http:\/\/noticiastelered.com\/PortalDNoticias\/wp-json\/wp\/v2\/posts\/72327\/revisions\/72331"}],"wp:featuredmedia":[{"embeddable":true,"href":"http:\/\/noticiastelered.com\/PortalDNoticias\/wp-json\/wp\/v2\/media\/72330"}],"wp:attachment":[{"href":"http:\/\/noticiastelered.com\/PortalDNoticias\/wp-json\/wp\/v2\/media?parent=72327"}],"wp:term":[{"taxonomy":"category","embeddable":true,"href":"http:\/\/noticiastelered.com\/PortalDNoticias\/wp-json\/wp\/v2\/categories?post=72327"},{"taxonomy":"post_tag","embeddable":true,"href":"http:\/\/noticiastelered.com\/PortalDNoticias\/wp-json\/wp\/v2\/tags?post=72327"}],"curies":[{"name":"wp","href":"https:\/\/api.w.org\/{rel}","templated":true}]}}