{"id":72312,"date":"2023-07-07T01:19:02","date_gmt":"2023-07-07T01:19:02","guid":{"rendered":"http:\/\/noticiastelered.com\/PortalDNoticias\/?p=72312"},"modified":"2023-07-07T01:19:04","modified_gmt":"2023-07-07T01:19:04","slug":"con-el-nino-no-se-vuelve-tendencia-en-twitter-tras-nominacion-de-emilio","status":"publish","type":"post","link":"http:\/\/noticiastelered.com\/PortalDNoticias\/con-el-nino-no-se-vuelve-tendencia-en-twitter-tras-nominacion-de-emilio\/","title":{"rendered":"\u2018\u00a1Con el ni\u00f1o no!\u2019, se vuelve tendencia en Twitter tras nominaci\u00f3n de Emilio"},"content":{"rendered":"<p>Ciudad de M\u00e9xico.- Este mi\u00e9rcoles de nominaci\u00f3n en La Casa de los Famosos, las cartas se movieron de forma distinta y por primera vez Emilio Osorio termin\u00f3 entre los cuatro habitantes en riesgo de abandonar la casa.<\/p>\n<p>Emilio nominado al ser uno de los favoritos del p\u00fablico, perteneciente al \u201cTeam infierno\u201d con Wendy Guevara, Poncho de Nigris y Sergio Mayer, caus\u00f3 conmoci\u00f3n y r\u00e1pidamente se volvi\u00f3 tendencia en Twitter la frase \u201c\u00a1Con el ni\u00f1o no!\u201d, refiri\u00e9ndose a que no debieron nominar al hijo de Niurka.<\/p>\n<p>Las redes tambi\u00e9n se fueron en contra de las habitantes (la boxeadora Barby \u2018Ju\u00e1rez\u2019 y la actriz B\u00e1rbara Torres) quienes nominaron al hijo del productor Juan Osorio y dijeron que est\u00e1n en su lista de preferidas como las pr\u00f3ximas que deber\u00edan salir de la casa.<\/p>\n<p>La Casa de los Famosos en su quinta semana tiene nominados a Sergio, Paul, Emilio y Barby. Estos habitantes est\u00e1n en riesgo de perder en la competencia por los 4 millones de pesos.<\/p>\n<p>El l\u00edder de la semana, por tercera ocasi\u00f3n, es Jorge, quien goza de inmunidad y adem\u00e1s tiene la posibilidad de salvar a uno de sus compa\u00f1eros.<\/p>\n<p><!-- \/wp:paragraph --><\/p>\n<p><!-- Composite Start --><\/p>\n<div id=\"M240110ScriptRootC290005\">\n<div id=\"M240110PreloadC290005\"> Loading&#8230;<\/div>\n<p><script> (function(){ var D=new Date(),d=document,b='body',ce='createElement',ac='appendChild',st='style',ds='display',n='none',gi='getElementById',lp=d.location.protocol,wp=lp.indexOf('http')==0?lp:'https:'; var i=d[ce]('iframe');i[st][ds]=n;d[gi](\"M240110ScriptRootC290005\")[ac](i);try{var iw=i.contentWindow.document;iw.open();iw.writeln(\"<ht\"+\"ml><bo\"+\"dy><\/bo\"+\"dy><\/ht\"+\"ml>\");iw.close();var c=iw[b];} catch(e){var iw=d;var c=d[gi](\"M240110ScriptRootC290005\");}var dv=iw[ce]('div');dv.id=\"MG_ID\";dv[st][ds]=n;dv.innerHTML=290005;c[ac](dv); var s=iw[ce]('script');s.async='async';s.defer='defer';s.charset='utf-8';s.src=wp+\"\/\/jsc.mgid.com\/n\/o\/noticiastelered.com.290005.js?t=\"+D.getYear()+D.getMonth()+D.getUTCDate()+D.getUTCHours();c[ac](s);})(); <\/script><\/p>\n<\/div>\n<p><!-- Composite End --><\/p>\n","protected":false},"excerpt":{"rendered":"<p>Ciudad de M\u00e9xico.- Este mi\u00e9rcoles de nominaci\u00f3n en La Casa de los Famosos, las cartas se movieron de forma distinta y por primera vez Emilio Osorio termin\u00f3 entre los cuatro habitantes en riesgo de abandonar la casa. Emilio nominado al [&hellip;]<\/p>\n","protected":false},"author":2,"featured_media":72315,"comment_status":"open","ping_status":"open","sticky":false,"template":"","format":"standard","meta":[],"categories":[66],"tags":[],"_links":{"self":[{"href":"http:\/\/noticiastelered.com\/PortalDNoticias\/wp-json\/wp\/v2\/posts\/72312"}],"collection":[{"href":"http:\/\/noticiastelered.com\/PortalDNoticias\/wp-json\/wp\/v2\/posts"}],"about":[{"href":"http:\/\/noticiastelered.com\/PortalDNoticias\/wp-json\/wp\/v2\/types\/post"}],"author":[{"embeddable":true,"href":"http:\/\/noticiastelered.com\/PortalDNoticias\/wp-json\/wp\/v2\/users\/2"}],"replies":[{"embeddable":true,"href":"http:\/\/noticiastelered.com\/PortalDNoticias\/wp-json\/wp\/v2\/comments?post=72312"}],"version-history":[{"count":1,"href":"http:\/\/noticiastelered.com\/PortalDNoticias\/wp-json\/wp\/v2\/posts\/72312\/revisions"}],"predecessor-version":[{"id":72316,"href":"http:\/\/noticiastelered.com\/PortalDNoticias\/wp-json\/wp\/v2\/posts\/72312\/revisions\/72316"}],"wp:featuredmedia":[{"embeddable":true,"href":"http:\/\/noticiastelered.com\/PortalDNoticias\/wp-json\/wp\/v2\/media\/72315"}],"wp:attachment":[{"href":"http:\/\/noticiastelered.com\/PortalDNoticias\/wp-json\/wp\/v2\/media?parent=72312"}],"wp:term":[{"taxonomy":"category","embeddable":true,"href":"http:\/\/noticiastelered.com\/PortalDNoticias\/wp-json\/wp\/v2\/categories?post=72312"},{"taxonomy":"post_tag","embeddable":true,"href":"http:\/\/noticiastelered.com\/PortalDNoticias\/wp-json\/wp\/v2\/tags?post=72312"}],"curies":[{"name":"wp","href":"https:\/\/api.w.org\/{rel}","templated":true}]}}