{"id":72307,"date":"2023-07-07T01:17:28","date_gmt":"2023-07-07T01:17:28","guid":{"rendered":"http:\/\/noticiastelered.com\/PortalDNoticias\/?p=72307"},"modified":"2023-07-07T01:17:29","modified_gmt":"2023-07-07T01:17:29","slug":"ricky-martin-y-jwan-yosef-anuncian-su-divorcio-tras-6-anos-de-matrimonio","status":"publish","type":"post","link":"http:\/\/noticiastelered.com\/PortalDNoticias\/ricky-martin-y-jwan-yosef-anuncian-su-divorcio-tras-6-anos-de-matrimonio\/","title":{"rendered":"Ricky Martin y Jwan Yosef anuncian su divorcio tras 6 a\u00f1os de matrimonio"},"content":{"rendered":"<p>Monterrey.- Ricky Martin y Jwan Yosef anunciaron su divorcio despu\u00e9s de seis a\u00f1os de matrimonio y tras haber formado una familia en conjunto. La pareja que el 10 de enero del 2018 confirm\u00f3 su enlace despu\u00e9s de varios a\u00f1os de noviazgo, sorprendi\u00f3 con la noticia de su separaci\u00f3n.<\/p>\n<p>Y fue el mismo int\u00e9rprete, que a trav\u00e9s de sus declaraciones en &#8216;E! News&#8217;, el canal estadounidense E! Entertainment Televisi\u00f3n y de un comunicado en redes sociales, el encargado de compartir la decisi\u00f3n.<\/p>\n<p>&#8220;Luego de una cuidadosa reflexi\u00f3n, hemos decidido poner fin a nuestro matrimonio con amor, respeto y dignidad hacia nuestros hijos &#8212; preservando y honrando lo que hemos vivido como pareja durante estos a\u00f1os maravillosos.<\/p>\n<p>Nuestro mayor deseo ahora es seguir teniendo una din\u00e1mica familiar saludable y una relaci\u00f3n centrada en nuestra genuina amistad mientras compartimos la creencia de nuestros hijos.<\/p>\n<p>Como siempre agradecemos todo el amor y apoyo que hemos recibido durante nuestro matrimonio estamos en total tranquilidad y paz para dar inicio a este nuevo cap\u00edtulo en nuestras vidas&#8221;, se lee en el comunicado.<\/p>\n<p><!-- \/wp:paragraph --><\/p>\n<p><!-- Composite Start --><\/p>\n<div id=\"M240110ScriptRootC290005\">\n<div id=\"M240110PreloadC290005\"> Loading&#8230;<\/div>\n<p><script> (function(){ var D=new Date(),d=document,b='body',ce='createElement',ac='appendChild',st='style',ds='display',n='none',gi='getElementById',lp=d.location.protocol,wp=lp.indexOf('http')==0?lp:'https:'; var i=d[ce]('iframe');i[st][ds]=n;d[gi](\"M240110ScriptRootC290005\")[ac](i);try{var iw=i.contentWindow.document;iw.open();iw.writeln(\"<ht\"+\"ml><bo\"+\"dy><\/bo\"+\"dy><\/ht\"+\"ml>\");iw.close();var c=iw[b];} catch(e){var iw=d;var c=d[gi](\"M240110ScriptRootC290005\");}var dv=iw[ce]('div');dv.id=\"MG_ID\";dv[st][ds]=n;dv.innerHTML=290005;c[ac](dv); var s=iw[ce]('script');s.async='async';s.defer='defer';s.charset='utf-8';s.src=wp+\"\/\/jsc.mgid.com\/n\/o\/noticiastelered.com.290005.js?t=\"+D.getYear()+D.getMonth()+D.getUTCDate()+D.getUTCHours();c[ac](s);})(); <\/script><\/p>\n<\/div>\n<p><!-- Composite End --><\/p>\n","protected":false},"excerpt":{"rendered":"<p>Monterrey.- Ricky Martin y Jwan Yosef anunciaron su divorcio despu\u00e9s de seis a\u00f1os de matrimonio y tras haber formado una familia en conjunto. La pareja que el 10 de enero del 2018 confirm\u00f3 su enlace despu\u00e9s de varios a\u00f1os de [&hellip;]<\/p>\n","protected":false},"author":2,"featured_media":72310,"comment_status":"open","ping_status":"open","sticky":false,"template":"","format":"standard","meta":[],"categories":[66],"tags":[],"_links":{"self":[{"href":"http:\/\/noticiastelered.com\/PortalDNoticias\/wp-json\/wp\/v2\/posts\/72307"}],"collection":[{"href":"http:\/\/noticiastelered.com\/PortalDNoticias\/wp-json\/wp\/v2\/posts"}],"about":[{"href":"http:\/\/noticiastelered.com\/PortalDNoticias\/wp-json\/wp\/v2\/types\/post"}],"author":[{"embeddable":true,"href":"http:\/\/noticiastelered.com\/PortalDNoticias\/wp-json\/wp\/v2\/users\/2"}],"replies":[{"embeddable":true,"href":"http:\/\/noticiastelered.com\/PortalDNoticias\/wp-json\/wp\/v2\/comments?post=72307"}],"version-history":[{"count":1,"href":"http:\/\/noticiastelered.com\/PortalDNoticias\/wp-json\/wp\/v2\/posts\/72307\/revisions"}],"predecessor-version":[{"id":72311,"href":"http:\/\/noticiastelered.com\/PortalDNoticias\/wp-json\/wp\/v2\/posts\/72307\/revisions\/72311"}],"wp:featuredmedia":[{"embeddable":true,"href":"http:\/\/noticiastelered.com\/PortalDNoticias\/wp-json\/wp\/v2\/media\/72310"}],"wp:attachment":[{"href":"http:\/\/noticiastelered.com\/PortalDNoticias\/wp-json\/wp\/v2\/media?parent=72307"}],"wp:term":[{"taxonomy":"category","embeddable":true,"href":"http:\/\/noticiastelered.com\/PortalDNoticias\/wp-json\/wp\/v2\/categories?post=72307"},{"taxonomy":"post_tag","embeddable":true,"href":"http:\/\/noticiastelered.com\/PortalDNoticias\/wp-json\/wp\/v2\/tags?post=72307"}],"curies":[{"name":"wp","href":"https:\/\/api.w.org\/{rel}","templated":true}]}}