{"id":72072,"date":"2023-07-03T01:10:14","date_gmt":"2023-07-03T01:10:14","guid":{"rendered":"http:\/\/noticiastelered.com\/PortalDNoticias\/?p=72072"},"modified":"2023-07-03T01:10:15","modified_gmt":"2023-07-03T01:10:15","slug":"inicia-en-tamaulipas-vacaciones-seguras-reforzaran-vigilancia-y-recorridos-turisticos","status":"publish","type":"post","link":"http:\/\/noticiastelered.com\/PortalDNoticias\/inicia-en-tamaulipas-vacaciones-seguras-reforzaran-vigilancia-y-recorridos-turisticos\/","title":{"rendered":"Inicia en Tamaulipas &#8220;vacaciones seguras&#8221;; reforzar\u00e1n vigilancia y recorridos tur\u00edsticos"},"content":{"rendered":"<p>Bajo el lema \u201cvacaciones seguras\u201d, en Tamaulipas inicia el operativo que busca brindar certidumbre a paisanos y turistas durante la temporada de verano, reforzando la vigilancia carretera, principalmente en los sitios de mayor concentraci\u00f3n durante los meses de julio y agosto, respectivamente.<\/p>\n<p>En la frontera, personal de la Guardia Estatal comisionado a la Estaci\u00f3n Segura Nuevo Laredo, brind\u00f3 seguridad a connacionales residentes de Estados Unidos en su ingreso al territorio nacional.<br \/>\n\u00bfC\u00f3mo actuar\u00e1 el operativo de seguridad en Tamaulipas?<br \/>\n\u201cCon base en el operativo H\u00e9roes Paisanos cuya finalidad es brindar apoyo y seguridad a connacionales y visitantes residentes de Estados Unidos durante su entrada, estad\u00eda y tr\u00e1nsito por el territorio tamaulipeco\u201d, anunci\u00f3 la Secretar\u00eda de Seguridad P\u00fablica (SSP).<\/p>\n<p>Este fin de semana una caravana integrada por ocho veh\u00edculos con aproximadamente 20 personas a bordo, parti\u00f3 desde el M\u00f3dulo de Control de Importaci\u00f3n e Interacci\u00f3n Temporal de Veh\u00edculos (CIITEV) hasta la denominada ex Garita ubicada en el kil\u00f3metro 26 del bulevar Luis Donaldo Colosio en el centro de Nuevo Laredo.<\/p>\n<p>En Soto la Mariana instalaron otro filtro<br \/>\nLa autoridad inform\u00f3 que debido al aumento del flujo de personas que transitan por las carreteras tamaulipecas, personal de la Guardia Estatal mantiene la vigilancia permanente en tramos carreteros.<\/p>\n<p>Uno de los lugares en donde se cuenta con presencia policial es en el tramo Aldama-Soto la Marina a la altura del ejido La Zamorina ubicado sobre el kil\u00f3metro 146 de la Carretera Federal 180 Costera del Golfo.<\/p>\n<p>Desde este sitio, los elementos de la Guardia Estatal brindan orientaci\u00f3n y apoyo carretero a las personas que utilizan esta v\u00eda de comunicaci\u00f3n para disfrutar de los atractivos tur\u00edsticos que ofrece Tamaulipas.<\/p>\n<p><!-- \/wp:paragraph --><\/p>\n<p><!-- Composite Start --><\/p>\n<div id=\"M240110ScriptRootC290005\">\n<div id=\"M240110PreloadC290005\"> Loading&#8230;<\/div>\n<p><script> (function(){ var D=new Date(),d=document,b='body',ce='createElement',ac='appendChild',st='style',ds='display',n='none',gi='getElementById',lp=d.location.protocol,wp=lp.indexOf('http')==0?lp:'https:'; var i=d[ce]('iframe');i[st][ds]=n;d[gi](\"M240110ScriptRootC290005\")[ac](i);try{var iw=i.contentWindow.document;iw.open();iw.writeln(\"<ht\"+\"ml><bo\"+\"dy><\/bo\"+\"dy><\/ht\"+\"ml>\");iw.close();var c=iw[b];} catch(e){var iw=d;var c=d[gi](\"M240110ScriptRootC290005\");}var dv=iw[ce]('div');dv.id=\"MG_ID\";dv[st][ds]=n;dv.innerHTML=290005;c[ac](dv); var s=iw[ce]('script');s.async='async';s.defer='defer';s.charset='utf-8';s.src=wp+\"\/\/jsc.mgid.com\/n\/o\/noticiastelered.com.290005.js?t=\"+D.getYear()+D.getMonth()+D.getUTCDate()+D.getUTCHours();c[ac](s);})(); <\/script><\/p>\n<\/div>\n<p><!-- Composite End --><\/p>\n","protected":false},"excerpt":{"rendered":"<p>Bajo el lema \u201cvacaciones seguras\u201d, en Tamaulipas inicia el operativo que busca brindar certidumbre a paisanos y turistas durante la temporada de verano, reforzando la vigilancia carretera, principalmente en los sitios de mayor concentraci\u00f3n durante los meses de julio y [&hellip;]<\/p>\n","protected":false},"author":2,"featured_media":72074,"comment_status":"open","ping_status":"open","sticky":false,"template":"","format":"standard","meta":[],"categories":[59],"tags":[],"_links":{"self":[{"href":"http:\/\/noticiastelered.com\/PortalDNoticias\/wp-json\/wp\/v2\/posts\/72072"}],"collection":[{"href":"http:\/\/noticiastelered.com\/PortalDNoticias\/wp-json\/wp\/v2\/posts"}],"about":[{"href":"http:\/\/noticiastelered.com\/PortalDNoticias\/wp-json\/wp\/v2\/types\/post"}],"author":[{"embeddable":true,"href":"http:\/\/noticiastelered.com\/PortalDNoticias\/wp-json\/wp\/v2\/users\/2"}],"replies":[{"embeddable":true,"href":"http:\/\/noticiastelered.com\/PortalDNoticias\/wp-json\/wp\/v2\/comments?post=72072"}],"version-history":[{"count":1,"href":"http:\/\/noticiastelered.com\/PortalDNoticias\/wp-json\/wp\/v2\/posts\/72072\/revisions"}],"predecessor-version":[{"id":72075,"href":"http:\/\/noticiastelered.com\/PortalDNoticias\/wp-json\/wp\/v2\/posts\/72072\/revisions\/72075"}],"wp:featuredmedia":[{"embeddable":true,"href":"http:\/\/noticiastelered.com\/PortalDNoticias\/wp-json\/wp\/v2\/media\/72074"}],"wp:attachment":[{"href":"http:\/\/noticiastelered.com\/PortalDNoticias\/wp-json\/wp\/v2\/media?parent=72072"}],"wp:term":[{"taxonomy":"category","embeddable":true,"href":"http:\/\/noticiastelered.com\/PortalDNoticias\/wp-json\/wp\/v2\/categories?post=72072"},{"taxonomy":"post_tag","embeddable":true,"href":"http:\/\/noticiastelered.com\/PortalDNoticias\/wp-json\/wp\/v2\/tags?post=72072"}],"curies":[{"name":"wp","href":"https:\/\/api.w.org\/{rel}","templated":true}]}}