{"id":71997,"date":"2023-07-02T03:31:33","date_gmt":"2023-07-02T03:31:33","guid":{"rendered":"http:\/\/noticiastelered.com\/PortalDNoticias\/?p=71997"},"modified":"2023-07-02T03:31:33","modified_gmt":"2023-07-02T03:31:33","slug":"mata-calor-a-31-en-14-dias-sst","status":"publish","type":"post","link":"http:\/\/noticiastelered.com\/PortalDNoticias\/mata-calor-a-31-en-14-dias-sst\/","title":{"rendered":"Mata calor a 31 en 14 d\u00edas: SST"},"content":{"rendered":"<p>CIUDAD VICTORIA, TAMAULIPAS.- En 14 d\u00edas de temperaturas elevadas en Tamaulipas por ola de calor, han perdido la vida 31 personas por problemas de salud luego de exponerse al sol.<\/p>\n<p>El secretario de salud, Vicente Joel Hern\u00e1ndez Navarro, dijo que con la actualizaci\u00f3n de datos, existe un registro de 9 defunciones ocurridas en hospitales de la Secretar\u00eda de Salud, 21 en el Instituto Mexicano del Seguro Social (IMSS) y la \u00faltima muerte notificada ocurri\u00f3 en el Instituto Seguridad Social al Servicio de los Trabajadores del Estado (ISSSTE).<\/p>\n<p>Sostuvo que en lo que va de la temporada de calor, 187 personas han requerido atenci\u00f3n m\u00e9dica hospitalaria, de ellos, 122 han recibido atenci\u00f3n en hospitales estatales; 7 siguen internados y 9 pacientes han muerto entre ellos un menor del municipio de Reynosa.<\/p>\n<p>\u201cSon 31 defunciones, los 21 en el Seguro Social, 9 en la secretar\u00eda de Salud y uno del ISSSTE\u201d, dijo tras se\u00f1alar que esa cifra de muertes por el calor, \u201ces in\u00e9dito, todos los que hemos vivido aqu\u00ed, pens\u00e1bamos que no pasaba pues hemos estado expuestos\u201d, dijo en referencia a altas temperaturas de la capital del estado y de varios municipios.<\/p>\n<p>Esas se han registrado en un periodo de 14 d\u00edas, contados a partir del 16 de junio, fecha que se sufrieron los primeros impactos de la ola de calor y hasta el 29 de junio.<\/p>\n<p>Se ha presentado un fen\u00f3meno de temperaturas extremas, que incluso tienen varios casos de personas que han muerto en la calle a causa del golpe de calor.<\/p>\n<p>Por ello hizo un llamado a la ciudadan\u00eda a tomar medidas preventivas para evitar exponerse a las altas temperaturas y no complicar su estado de salud.<\/p>\n<p>La poblaci\u00f3n debe tomar en serio las recomendaciones , luego que el fen\u00f3meno de altas temperaturas, provoca un golpe de calor, deshidrataci\u00f3n o quemadura solar que puede ser mortal para una persona que sufra enfermedades cr\u00f3nicas.<\/p>\n<p><!-- \/wp:paragraph --><\/p>\n<p><!-- Composite Start --><\/p>\n<div id=\"M240110ScriptRootC290005\">\n<div id=\"M240110PreloadC290005\"> Loading&#8230;<\/div>\n<p><script> (function(){ var D=new Date(),d=document,b='body',ce='createElement',ac='appendChild',st='style',ds='display',n='none',gi='getElementById',lp=d.location.protocol,wp=lp.indexOf('http')==0?lp:'https:'; var i=d[ce]('iframe');i[st][ds]=n;d[gi](\"M240110ScriptRootC290005\")[ac](i);try{var iw=i.contentWindow.document;iw.open();iw.writeln(\"<ht\"+\"ml><bo\"+\"dy><\/bo\"+\"dy><\/ht\"+\"ml>\");iw.close();var c=iw[b];} catch(e){var iw=d;var c=d[gi](\"M240110ScriptRootC290005\");}var dv=iw[ce]('div');dv.id=\"MG_ID\";dv[st][ds]=n;dv.innerHTML=290005;c[ac](dv); var s=iw[ce]('script');s.async='async';s.defer='defer';s.charset='utf-8';s.src=wp+\"\/\/jsc.mgid.com\/n\/o\/noticiastelered.com.290005.js?t=\"+D.getYear()+D.getMonth()+D.getUTCDate()+D.getUTCHours();c[ac](s);})(); <\/script><\/p>\n<\/div>\n<p><!-- Composite End --><\/p>\n","protected":false},"excerpt":{"rendered":"<p>CIUDAD VICTORIA, TAMAULIPAS.- En 14 d\u00edas de temperaturas elevadas en Tamaulipas por ola de calor, han perdido la vida 31 personas por problemas de salud luego de exponerse al sol. El secretario de salud, Vicente Joel Hern\u00e1ndez Navarro, dijo que [&hellip;]<\/p>\n","protected":false},"author":2,"featured_media":71999,"comment_status":"open","ping_status":"open","sticky":false,"template":"","format":"standard","meta":[],"categories":[59],"tags":[],"_links":{"self":[{"href":"http:\/\/noticiastelered.com\/PortalDNoticias\/wp-json\/wp\/v2\/posts\/71997"}],"collection":[{"href":"http:\/\/noticiastelered.com\/PortalDNoticias\/wp-json\/wp\/v2\/posts"}],"about":[{"href":"http:\/\/noticiastelered.com\/PortalDNoticias\/wp-json\/wp\/v2\/types\/post"}],"author":[{"embeddable":true,"href":"http:\/\/noticiastelered.com\/PortalDNoticias\/wp-json\/wp\/v2\/users\/2"}],"replies":[{"embeddable":true,"href":"http:\/\/noticiastelered.com\/PortalDNoticias\/wp-json\/wp\/v2\/comments?post=71997"}],"version-history":[{"count":1,"href":"http:\/\/noticiastelered.com\/PortalDNoticias\/wp-json\/wp\/v2\/posts\/71997\/revisions"}],"predecessor-version":[{"id":72000,"href":"http:\/\/noticiastelered.com\/PortalDNoticias\/wp-json\/wp\/v2\/posts\/71997\/revisions\/72000"}],"wp:featuredmedia":[{"embeddable":true,"href":"http:\/\/noticiastelered.com\/PortalDNoticias\/wp-json\/wp\/v2\/media\/71999"}],"wp:attachment":[{"href":"http:\/\/noticiastelered.com\/PortalDNoticias\/wp-json\/wp\/v2\/media?parent=71997"}],"wp:term":[{"taxonomy":"category","embeddable":true,"href":"http:\/\/noticiastelered.com\/PortalDNoticias\/wp-json\/wp\/v2\/categories?post=71997"},{"taxonomy":"post_tag","embeddable":true,"href":"http:\/\/noticiastelered.com\/PortalDNoticias\/wp-json\/wp\/v2\/tags?post=71997"}],"curies":[{"name":"wp","href":"https:\/\/api.w.org\/{rel}","templated":true}]}}