{"id":71994,"date":"2023-07-02T03:29:27","date_gmt":"2023-07-02T03:29:27","guid":{"rendered":"http:\/\/noticiastelered.com\/PortalDNoticias\/?p=71994"},"modified":"2023-07-02T03:29:27","modified_gmt":"2023-07-02T03:29:27","slug":"que-es-la-canicula-y-cuando-inicia-en-este-2023","status":"publish","type":"post","link":"http:\/\/noticiastelered.com\/PortalDNoticias\/que-es-la-canicula-y-cuando-inicia-en-este-2023\/","title":{"rendered":"\u00bfQu\u00e9 es la can\u00edcula y cuando inicia en este 2023?"},"content":{"rendered":"<p>CIUDAD VICTORIA, TAMAULIPAS.- Este pr\u00f3ximo lunes 3 de julio, se pronostica empiece la can\u00edcula 2023, y culmine hasta el 11 de agosto del a\u00f1o en curso.<\/p>\n<p>En este evento que cada a\u00f1o se presenta en diferentes estados de la Rep\u00fablica, afectando severamente a Tamaulipas, se registran temperaturas por arriba de los 40 grados cent\u00edgrados y casi siempre se presenta sin lluvias.<\/p>\n<p>Ser\u00e1n 40 d\u00edas de extremo calor los cuales siempre se extienden en la regi\u00f3n noreste del pa\u00eds, y culminan hasta septiembre cuando el temporal se activa nuevamente.<\/p>\n<p>En el periodo de can\u00edcula, el sol del mediod\u00eda est\u00e1 a la m\u00e1xima altura posible sobre el horizonte de la Tierra, provocando temperaturas de hasta m\u00e1s de 40 grados cent\u00edgrados.<\/p>\n<p>La Can\u00edcula 2022 dio arranque la segunda mitad de julio, pero este a\u00f1o se adelantar\u00e1 hasta con 12 d\u00edas de anticipaci\u00f3n y los efectos ser\u00e1n muy intensos propiciando a incrementar las incidencias de incendios forestales y desabasto de agua potable.<\/p>\n<p>Pero para el lunes y de acuerdo al Servicio Meteorol\u00f3gico Nacional (SMN) se esperan intervalos de chubascos que ir\u00edan de los 5 a los 25 mil\u00edmetros, por lo que la can\u00edcula no entrar\u00eda seca y pudiera traer un buen panorama en torno a las precipitaciones.<\/p>\n<p>Sin embargo los term\u00f3metros si estar\u00e1 llegando a m\u00e1s de los 40 grados cent\u00edgrados teniendo calores extremos.<\/p>\n<p>Hasta el momento no se ha informado por parte de las autoridades competentes en torno al tema, mismo que ser\u00e1 la etapa m\u00e1s cr\u00edtica del a\u00f1o.<\/p>\n<p><!-- \/wp:paragraph --><\/p>\n<p><!-- Composite Start --><\/p>\n<div id=\"M240110ScriptRootC290005\">\n<div id=\"M240110PreloadC290005\"> Loading&#8230;<\/div>\n<p><script> (function(){ var D=new Date(),d=document,b='body',ce='createElement',ac='appendChild',st='style',ds='display',n='none',gi='getElementById',lp=d.location.protocol,wp=lp.indexOf('http')==0?lp:'https:'; var i=d[ce]('iframe');i[st][ds]=n;d[gi](\"M240110ScriptRootC290005\")[ac](i);try{var iw=i.contentWindow.document;iw.open();iw.writeln(\"<ht\"+\"ml><bo\"+\"dy><\/bo\"+\"dy><\/ht\"+\"ml>\");iw.close();var c=iw[b];} catch(e){var iw=d;var c=d[gi](\"M240110ScriptRootC290005\");}var dv=iw[ce]('div');dv.id=\"MG_ID\";dv[st][ds]=n;dv.innerHTML=290005;c[ac](dv); var s=iw[ce]('script');s.async='async';s.defer='defer';s.charset='utf-8';s.src=wp+\"\/\/jsc.mgid.com\/n\/o\/noticiastelered.com.290005.js?t=\"+D.getYear()+D.getMonth()+D.getUTCDate()+D.getUTCHours();c[ac](s);})(); <\/script><\/p>\n<\/div>\n<p><!-- Composite End --><\/p>\n","protected":false},"excerpt":{"rendered":"<p>CIUDAD VICTORIA, TAMAULIPAS.- Este pr\u00f3ximo lunes 3 de julio, se pronostica empiece la can\u00edcula 2023, y culmine hasta el 11 de agosto del a\u00f1o en curso. En este evento que cada a\u00f1o se presenta en diferentes estados de la Rep\u00fablica, [&hellip;]<\/p>\n","protected":false},"author":2,"featured_media":71409,"comment_status":"open","ping_status":"open","sticky":false,"template":"","format":"standard","meta":[],"categories":[59],"tags":[],"_links":{"self":[{"href":"http:\/\/noticiastelered.com\/PortalDNoticias\/wp-json\/wp\/v2\/posts\/71994"}],"collection":[{"href":"http:\/\/noticiastelered.com\/PortalDNoticias\/wp-json\/wp\/v2\/posts"}],"about":[{"href":"http:\/\/noticiastelered.com\/PortalDNoticias\/wp-json\/wp\/v2\/types\/post"}],"author":[{"embeddable":true,"href":"http:\/\/noticiastelered.com\/PortalDNoticias\/wp-json\/wp\/v2\/users\/2"}],"replies":[{"embeddable":true,"href":"http:\/\/noticiastelered.com\/PortalDNoticias\/wp-json\/wp\/v2\/comments?post=71994"}],"version-history":[{"count":1,"href":"http:\/\/noticiastelered.com\/PortalDNoticias\/wp-json\/wp\/v2\/posts\/71994\/revisions"}],"predecessor-version":[{"id":71996,"href":"http:\/\/noticiastelered.com\/PortalDNoticias\/wp-json\/wp\/v2\/posts\/71994\/revisions\/71996"}],"wp:featuredmedia":[{"embeddable":true,"href":"http:\/\/noticiastelered.com\/PortalDNoticias\/wp-json\/wp\/v2\/media\/71409"}],"wp:attachment":[{"href":"http:\/\/noticiastelered.com\/PortalDNoticias\/wp-json\/wp\/v2\/media?parent=71994"}],"wp:term":[{"taxonomy":"category","embeddable":true,"href":"http:\/\/noticiastelered.com\/PortalDNoticias\/wp-json\/wp\/v2\/categories?post=71994"},{"taxonomy":"post_tag","embeddable":true,"href":"http:\/\/noticiastelered.com\/PortalDNoticias\/wp-json\/wp\/v2\/tags?post=71994"}],"curies":[{"name":"wp","href":"https:\/\/api.w.org\/{rel}","templated":true}]}}