{"id":71990,"date":"2023-07-02T03:27:10","date_gmt":"2023-07-02T03:27:10","guid":{"rendered":"http:\/\/noticiastelered.com\/PortalDNoticias\/?p=71990"},"modified":"2023-07-02T03:27:11","modified_gmt":"2023-07-02T03:27:11","slug":"kimberly-de-las-perdidas-ya-no-se-casara-pone-fin-a-su-relacion","status":"publish","type":"post","link":"http:\/\/noticiastelered.com\/PortalDNoticias\/kimberly-de-las-perdidas-ya-no-se-casara-pone-fin-a-su-relacion\/","title":{"rendered":"\u00a1Kimberly de &#8216;Las Perdidas&#8217; ya no se casar\u00e1! Pone fin a su relaci\u00f3n"},"content":{"rendered":"<p>Ciudad de M\u00e9xico.- Una triste noticia se dio a conocer para todos los seguidores de Kimberly de &#8220;Las Perdidas&#8221; por parte de Oscar Barajas, pues revel\u00f3 que ya no se casar\u00e1n.<\/p>\n<p>A trav\u00e9s de las redes sociales, Oscar Barajas anunci\u00f3 sin dar detalles espec\u00edficos que la relaci\u00f3n entre ambos se hab\u00eda terminado; sin embargo, escribi\u00f3 haber conocido a la persona m\u00e1s maravillosa.<\/p>\n<p>Dicha publicaci\u00f3n fue realizada con un mensaje acompa\u00f1ado de varias fotograf\u00edas donde se pueden apreciar algunos de los muchos momentos que ambos pasaron juntos.<\/p>\n<p>&#8220;HOY LE DOY GRACIAS A LA VIDA POR AVER PUESTO UNA PERSONA MARAVILLOSA EN EL CAMINO LA CUAL ME ENSE\u00d1O A SABER LO QUE ES AMAR Y SER AMADO . HOY TOMAMOS CAMINOS DIFERENTES &#8220;*COSAS QUE PASARON QUE SOLO TU Y YO SABEMOS&#8221; (sic).<\/p>\n<p>Por otro lado, la expareja de Kimberly tambi\u00e9n se\u00f1al\u00f3 haberse sentido muy orgullos de ella y que jam\u00e1s podr\u00eda olvidar la etapa tan bonita que ambos pasaron juntos en la relaci\u00f3n.<\/p>\n<p>&#8220;PERO AUN ASI MARCASTE UNA ETAPA BONITA EN MI VIDA QUE NUNCA OLVIDARE SABES QUE ESTOY MUY ORGULLOSO DE T\u00cd EN CADA SHOW O LUGAR QUE VAS EL CARI\u00d1O CON LA GENTE PERO SOBRE TODO TU GRAN HUMILDAD Y SENCILLEZ SIGUE ASI QUE YO DESDE DONDE EST\u00c9 SIEMPRE ESTARE ORGULLOSO DE T\u00cd&#8221; (sic).<\/p>\n<p>Asimismo, Oscar en su mensaje le agradeci\u00f3 por todo el tiempo que le brind\u00f3 y resalt\u00f3 que ambos estar\u00e1n escribiendo una nueva historia y al mismo tiempo dese\u00e1ndole la mayor felicidad a lado de alguien m\u00e1s.<\/p>\n<p>&#8220;GRACIAS POR SER UN BUEN SER HUMANO Y REGALARME LO MAS VALIOSO QUE TIENES QUE FUE TU TIEMPO.<\/p>\n<p>&#8220;HOY ESTA HISTORIA LLEGO A SU FINAL PARA AMBOS EMPEZAR A ESCRIBIR UNA MEJOR Y SABES QUE AUN QUE YA NO ESTEMOS JUNTOS SIEMPRE VOY A ESTAR PARA TI EN EL MOMENTO QUE ME OCUPES Y DE TODO CORAZ\u00d3N TE DESEO QUE ENCUENTRES TU FELICIDAD CON ALGUIEN MUCHO MEJOR QUE YO .<\/p>\n<p>&#8220;CON LAGRIMAS Y UN NUDO EN LA GARGANTA GRACIAS. ME CUIDAS MUCHO A TUS PAPAS Y DILES QUE HICIERON UN GRAN TRABAJO POR TENER UNA EXCELENTE HIJA &#8220;, se lee en la publicaci\u00f3n de Facebook.<\/p>\n<p><!-- \/wp:paragraph --><\/p>\n<p><!-- Composite Start --><\/p>\n<div id=\"M240110ScriptRootC290005\">\n<div id=\"M240110PreloadC290005\"> Loading&#8230;<\/div>\n<p><script> (function(){ var D=new Date(),d=document,b='body',ce='createElement',ac='appendChild',st='style',ds='display',n='none',gi='getElementById',lp=d.location.protocol,wp=lp.indexOf('http')==0?lp:'https:'; var i=d[ce]('iframe');i[st][ds]=n;d[gi](\"M240110ScriptRootC290005\")[ac](i);try{var iw=i.contentWindow.document;iw.open();iw.writeln(\"<ht\"+\"ml><bo\"+\"dy><\/bo\"+\"dy><\/ht\"+\"ml>\");iw.close();var c=iw[b];} catch(e){var iw=d;var c=d[gi](\"M240110ScriptRootC290005\");}var dv=iw[ce]('div');dv.id=\"MG_ID\";dv[st][ds]=n;dv.innerHTML=290005;c[ac](dv); var s=iw[ce]('script');s.async='async';s.defer='defer';s.charset='utf-8';s.src=wp+\"\/\/jsc.mgid.com\/n\/o\/noticiastelered.com.290005.js?t=\"+D.getYear()+D.getMonth()+D.getUTCDate()+D.getUTCHours();c[ac](s);})(); <\/script><\/p>\n<\/div>\n<p><!-- Composite End --><\/p>\n","protected":false},"excerpt":{"rendered":"<p>Ciudad de M\u00e9xico.- Una triste noticia se dio a conocer para todos los seguidores de Kimberly de &#8220;Las Perdidas&#8221; por parte de Oscar Barajas, pues revel\u00f3 que ya no se casar\u00e1n. A trav\u00e9s de las redes sociales, Oscar Barajas anunci\u00f3 [&hellip;]<\/p>\n","protected":false},"author":2,"featured_media":71992,"comment_status":"open","ping_status":"open","sticky":false,"template":"","format":"standard","meta":[],"categories":[66],"tags":[],"_links":{"self":[{"href":"http:\/\/noticiastelered.com\/PortalDNoticias\/wp-json\/wp\/v2\/posts\/71990"}],"collection":[{"href":"http:\/\/noticiastelered.com\/PortalDNoticias\/wp-json\/wp\/v2\/posts"}],"about":[{"href":"http:\/\/noticiastelered.com\/PortalDNoticias\/wp-json\/wp\/v2\/types\/post"}],"author":[{"embeddable":true,"href":"http:\/\/noticiastelered.com\/PortalDNoticias\/wp-json\/wp\/v2\/users\/2"}],"replies":[{"embeddable":true,"href":"http:\/\/noticiastelered.com\/PortalDNoticias\/wp-json\/wp\/v2\/comments?post=71990"}],"version-history":[{"count":1,"href":"http:\/\/noticiastelered.com\/PortalDNoticias\/wp-json\/wp\/v2\/posts\/71990\/revisions"}],"predecessor-version":[{"id":71993,"href":"http:\/\/noticiastelered.com\/PortalDNoticias\/wp-json\/wp\/v2\/posts\/71990\/revisions\/71993"}],"wp:featuredmedia":[{"embeddable":true,"href":"http:\/\/noticiastelered.com\/PortalDNoticias\/wp-json\/wp\/v2\/media\/71992"}],"wp:attachment":[{"href":"http:\/\/noticiastelered.com\/PortalDNoticias\/wp-json\/wp\/v2\/media?parent=71990"}],"wp:term":[{"taxonomy":"category","embeddable":true,"href":"http:\/\/noticiastelered.com\/PortalDNoticias\/wp-json\/wp\/v2\/categories?post=71990"},{"taxonomy":"post_tag","embeddable":true,"href":"http:\/\/noticiastelered.com\/PortalDNoticias\/wp-json\/wp\/v2\/tags?post=71990"}],"curies":[{"name":"wp","href":"https:\/\/api.w.org\/{rel}","templated":true}]}}