{"id":70952,"date":"2023-06-12T14:47:13","date_gmt":"2023-06-12T14:47:13","guid":{"rendered":"http:\/\/noticiastelered.com\/PortalDNoticias\/?p=70952"},"modified":"2023-06-12T14:47:14","modified_gmt":"2023-06-12T14:47:14","slug":"militares-roban-armas-y-equipo-tactico-a-civiles-que-ejecutaron-extrajudicialmente","status":"publish","type":"post","link":"http:\/\/noticiastelered.com\/PortalDNoticias\/militares-roban-armas-y-equipo-tactico-a-civiles-que-ejecutaron-extrajudicialmente\/","title":{"rendered":"Militares roban armas y equipo t\u00e1ctico a civiles que ejecutaron extrajudicialmente."},"content":{"rendered":"\n<p>*Un fusil Barret 50 mm y una ametralladora M240 fueron subidas al SandCat y se presume los soldados las usan para actividades il\u00edcitas, ya que no fueron entregadas a la FGR o a la FGJM, y ahora son objeto de investigaci\u00f3n.<\/p>\n\n\n\n<p>Nuevo Laredo, Tamaulipas, 12 de junio de 2023. \u2014 La Fiscal\u00eda General de Justicia Militar investiga a los 16 soldados detenidos, por la ejecuci\u00f3n de cinco civiles adem\u00e1s del robo de dos armas, un fusil Barret calibre 50 mm, una ametralladora M240 calibre 7.62&#215;51, que sustrajeron de la camioneta negra, tripulaba por las v\u00edctimas.<\/p>\n\n\n\n<p>El Teniente de Infanter\u00eda Jos\u00e9 Luis Nava Mart\u00ednez, adem\u00e1s de ordenar el asesinato a sangre fr\u00eda de los cinco civiles, es el responsable del hurto de las armas, adem\u00e1s de equipo t\u00e1ctico, cargadores, fornituras, cartuchos h\u00e1biles.<\/p>\n\n\n\n<p>Los militares robaron de la camioneta de sus v\u00edctimas, los chalecos antibalas con placas para protegerse de balas de grueso calibre, cascos t\u00e1cticos y diversos objetos de valor.<\/p>\n\n\n\n<p>El personal militar involucrado en el robo de las dos armas, con un alto valor en el mercado negro y que ser\u00edan utilizadas por los soldados para actividades il\u00edcitas, tripulaban las unidades n\u00famero 0916347, un SandCat 0916579 y un Humvee 0916033<br>La camioneta negra tripulada por los civiles armados choca contra la barda de la tienda Smart Zapata a las 14:36 horas del 18 de mayo, instantes despu\u00e9s la colisiona el SandCat.<\/p>\n\n\n\n<p>A las 14:39 horas sacan el Barret calibre .50 mm de la camioneta y lo ponen en la parte trasera del cami\u00f3n blindado de SEDENA.<\/p>\n\n\n\n<p>A las 14:40 horas con 20 segundos la ametralladora M240 es sustra\u00edda \u2013es evidencia- y subida al SandCat, as\u00ed como diversos objetos, entre ellos equipo t\u00e1ctico y al menos dos cascos; a las 14:41 horas, el SandCat se retira del lugar, llevando las armas robadas y que ahora son objeto de investigaci\u00f3n por la FGJM.<\/p>\n\n\n\n<p>En el Informe Policial Homologado rendido por el Teniente de Infanter\u00eda Jos\u00e9 Luis Nava Mart\u00ednez, se da conocer que en otros veh\u00edculos \u2013abandonados a tres cuadras, en Monterrey y Lago de Chapala- se encontr\u00f3 una Barret calibre 50 mm, que fue puesta a disposici\u00f3n de la FGR.<\/p>\n\n\n\n<p>A la Fiscal\u00eda General de la Rep\u00fablica se entregaron 7 Fusiles Scar, 1 arma cal. 5.56 mm. y 1 fusil Barret Cal. 50 mm., as\u00ed como 68 cargadores de diferentes calibres y 4 camionetas.<\/p>\n\n\n\n<p>Las armas robadas por el personal militar no fueron entregadas a la FGR o a la FGJM, y ahora son objeto de investigaci\u00f3n, porque se desconoce el uso que le vayan a dar los soldados que las hurtaron.<\/p>\n","protected":false},"excerpt":{"rendered":"<p>*Un fusil Barret 50 mm y una ametralladora M240 fueron subidas al SandCat y se presume los soldados las usan para actividades il\u00edcitas, ya que no fueron entregadas a la FGR o a la FGJM, y ahora son objeto de [&hellip;]<\/p>\n","protected":false},"author":2,"featured_media":70954,"comment_status":"open","ping_status":"open","sticky":false,"template":"","format":"standard","meta":[],"categories":[63,77],"tags":[],"_links":{"self":[{"href":"http:\/\/noticiastelered.com\/PortalDNoticias\/wp-json\/wp\/v2\/posts\/70952"}],"collection":[{"href":"http:\/\/noticiastelered.com\/PortalDNoticias\/wp-json\/wp\/v2\/posts"}],"about":[{"href":"http:\/\/noticiastelered.com\/PortalDNoticias\/wp-json\/wp\/v2\/types\/post"}],"author":[{"embeddable":true,"href":"http:\/\/noticiastelered.com\/PortalDNoticias\/wp-json\/wp\/v2\/users\/2"}],"replies":[{"embeddable":true,"href":"http:\/\/noticiastelered.com\/PortalDNoticias\/wp-json\/wp\/v2\/comments?post=70952"}],"version-history":[{"count":1,"href":"http:\/\/noticiastelered.com\/PortalDNoticias\/wp-json\/wp\/v2\/posts\/70952\/revisions"}],"predecessor-version":[{"id":70955,"href":"http:\/\/noticiastelered.com\/PortalDNoticias\/wp-json\/wp\/v2\/posts\/70952\/revisions\/70955"}],"wp:featuredmedia":[{"embeddable":true,"href":"http:\/\/noticiastelered.com\/PortalDNoticias\/wp-json\/wp\/v2\/media\/70954"}],"wp:attachment":[{"href":"http:\/\/noticiastelered.com\/PortalDNoticias\/wp-json\/wp\/v2\/media?parent=70952"}],"wp:term":[{"taxonomy":"category","embeddable":true,"href":"http:\/\/noticiastelered.com\/PortalDNoticias\/wp-json\/wp\/v2\/categories?post=70952"},{"taxonomy":"post_tag","embeddable":true,"href":"http:\/\/noticiastelered.com\/PortalDNoticias\/wp-json\/wp\/v2\/tags?post=70952"}],"curies":[{"name":"wp","href":"https:\/\/api.w.org\/{rel}","templated":true}]}}