{"id":70875,"date":"2023-06-11T04:58:27","date_gmt":"2023-06-11T04:58:27","guid":{"rendered":"http:\/\/noticiastelered.com\/PortalDNoticias\/?p=70875"},"modified":"2023-06-11T04:58:28","modified_gmt":"2023-06-11T04:58:28","slug":"fotos-hacen-concurso-de-la-voz-en-penal-y-asi-se-lucen","status":"publish","type":"post","link":"http:\/\/noticiastelered.com\/PortalDNoticias\/fotos-hacen-concurso-de-la-voz-en-penal-y-asi-se-lucen\/","title":{"rendered":"Fotos: Hacen concurso de &#8216;La Voz&#8217; en penal y as\u00ed se lucen"},"content":{"rendered":"<p>En medio de un ambiente de gran camarader\u00eda, internos de los cinco centros penitenciarios de Nuevo Le\u00f3n midieron su talento vocal en el evento denominado \u201cLa Voz Penitenciaria 2023\u201d.<\/p>\n<p>El concurso se celebr\u00f3 en las instalaciones en el Centro de Reinserci\u00f3n Social n\u00famero 3 oriente, el antes llamado, Penal de Cadereyta.<\/p>\n<p>El evento fue organizado por la Secretar\u00eda de Seguridad a trav\u00e9s de la Agencia de Administraci\u00f3n Penitenciaria.<\/p>\n<p>Participaron 13 personas privadas de la libertad de los Centros de Reinserci\u00f3n social n\u00famero 1 y 2 norte, n\u00famero 3 oriente, femenil y del Centro de Internamiento y Adaptaci\u00f3n de Adolescentes Infractores.<\/p>\n<p>Los participantes demostraron en talento musical que tienen en las categor\u00edas de solista y grupo musical.<\/p>\n<p>\u201cLogrando el primer lugar como solista una concursante una concursante del Cereso Femenil, y en grupo, Combinaci\u00f3n Regia, del Centro de Reinserci\u00f3n Social n\u00famero 1 norte, los cuales representar\u00e1n al Sistema Penitenciario de Nuevo Le\u00f3n en el Concurso Nacional de Canto del \u00d3rgano Administrativo Desconcentrado Prevenci\u00f3n y Readaptaci\u00f3n (OADPRS)\u201d, inform\u00f3 la dependencia estatal.<\/p>\n<p>A cargo de la conducci\u00f3n del evento estuvo Bertha Ayala N\u00fa\u00f1ez y como invitado especial estuvo \u201cPato Machete\u201d.<\/p>\n<p>El artista interpret\u00f3 junto al grupo Combinaci\u00f3n Regia, el tema \u201cCumbia Sobre el R\u00edo\u201d.<\/p>\n<p>Al evento acudi\u00f3 personal de la Agencia de Administraci\u00f3n Penitenciaria, de los Centros de Reinserci\u00f3n Social del estado, funcionarios de diversas dependencias estatales, organismos aut\u00f3nomos, representantes de asociaciones civiles y religiosas, as\u00ed como los familiares de los internos.<\/p>\n<p>Se calificaron entonaci\u00f3n, expresi\u00f3n e interpretaci\u00f3n, acoplamiento al ritmo y el jurado estuvo conformado por destacadas personalidades del \u00e1mbito musical.<\/p>\n<p><!-- \/wp:paragraph --><\/p>\n<p><!-- Composite Start --><\/p>\n<div id=\"M240110ScriptRootC290005\">\n<div id=\"M240110PreloadC290005\"> Loading&#8230;<\/div>\n<p><script> (function(){ var D=new Date(),d=document,b='body',ce='createElement',ac='appendChild',st='style',ds='display',n='none',gi='getElementById',lp=d.location.protocol,wp=lp.indexOf('http')==0?lp:'https:'; var i=d[ce]('iframe');i[st][ds]=n;d[gi](\"M240110ScriptRootC290005\")[ac](i);try{var iw=i.contentWindow.document;iw.open();iw.writeln(\"<ht\"+\"ml><bo\"+\"dy><\/bo\"+\"dy><\/ht\"+\"ml>\");iw.close();var c=iw[b];} catch(e){var iw=d;var c=d[gi](\"M240110ScriptRootC290005\");}var dv=iw[ce]('div');dv.id=\"MG_ID\";dv[st][ds]=n;dv.innerHTML=290005;c[ac](dv); var s=iw[ce]('script');s.async='async';s.defer='defer';s.charset='utf-8';s.src=wp+\"\/\/jsc.mgid.com\/n\/o\/noticiastelered.com.290005.js?t=\"+D.getYear()+D.getMonth()+D.getUTCDate()+D.getUTCHours();c[ac](s);})(); <\/script><\/p>\n<\/div>\n<p><!-- Composite End --><\/p>\n","protected":false},"excerpt":{"rendered":"<p>En medio de un ambiente de gran camarader\u00eda, internos de los cinco centros penitenciarios de Nuevo Le\u00f3n midieron su talento vocal en el evento denominado \u201cLa Voz Penitenciaria 2023\u201d. El concurso se celebr\u00f3 en las instalaciones en el Centro de [&hellip;]<\/p>\n","protected":false},"author":2,"featured_media":70877,"comment_status":"open","ping_status":"open","sticky":false,"template":"","format":"standard","meta":[],"categories":[60],"tags":[],"_links":{"self":[{"href":"http:\/\/noticiastelered.com\/PortalDNoticias\/wp-json\/wp\/v2\/posts\/70875"}],"collection":[{"href":"http:\/\/noticiastelered.com\/PortalDNoticias\/wp-json\/wp\/v2\/posts"}],"about":[{"href":"http:\/\/noticiastelered.com\/PortalDNoticias\/wp-json\/wp\/v2\/types\/post"}],"author":[{"embeddable":true,"href":"http:\/\/noticiastelered.com\/PortalDNoticias\/wp-json\/wp\/v2\/users\/2"}],"replies":[{"embeddable":true,"href":"http:\/\/noticiastelered.com\/PortalDNoticias\/wp-json\/wp\/v2\/comments?post=70875"}],"version-history":[{"count":1,"href":"http:\/\/noticiastelered.com\/PortalDNoticias\/wp-json\/wp\/v2\/posts\/70875\/revisions"}],"predecessor-version":[{"id":70878,"href":"http:\/\/noticiastelered.com\/PortalDNoticias\/wp-json\/wp\/v2\/posts\/70875\/revisions\/70878"}],"wp:featuredmedia":[{"embeddable":true,"href":"http:\/\/noticiastelered.com\/PortalDNoticias\/wp-json\/wp\/v2\/media\/70877"}],"wp:attachment":[{"href":"http:\/\/noticiastelered.com\/PortalDNoticias\/wp-json\/wp\/v2\/media?parent=70875"}],"wp:term":[{"taxonomy":"category","embeddable":true,"href":"http:\/\/noticiastelered.com\/PortalDNoticias\/wp-json\/wp\/v2\/categories?post=70875"},{"taxonomy":"post_tag","embeddable":true,"href":"http:\/\/noticiastelered.com\/PortalDNoticias\/wp-json\/wp\/v2\/tags?post=70875"}],"curies":[{"name":"wp","href":"https:\/\/api.w.org\/{rel}","templated":true}]}}