{"id":70851,"date":"2023-06-11T04:44:46","date_gmt":"2023-06-11T04:44:46","guid":{"rendered":"http:\/\/noticiastelered.com\/PortalDNoticias\/?p=70851"},"modified":"2023-06-11T04:44:47","modified_gmt":"2023-06-11T04:44:47","slug":"el-otro-mes-cae-el-aumento-salarial-de-los-maestros","status":"publish","type":"post","link":"http:\/\/noticiastelered.com\/PortalDNoticias\/el-otro-mes-cae-el-aumento-salarial-de-los-maestros\/","title":{"rendered":"El otro mes cae el aumento salarial de los maestros"},"content":{"rendered":"<p>Ciudad Victoria, Tamaulipas.- Los maestros de Tamaulipas recibir\u00e1n su aumento salarial el pr\u00f3ximo mes de julio, inform\u00f3 el dirigente de la Secci\u00f3n 30 del Sindicato de Maestros, Arnulfo Rodr\u00edguez Trevi\u00f1o.<\/p>\n<p>Y aunque dijo no hay una fecha exacta, se sabe que ser\u00eda el mes de julio con retroactivo al mes de enero.<\/p>\n<p>De esta manera los maestros recibir\u00e1n un aumento salarial del 8.2 por ciento, lo que vendr\u00e1 a beneficiar su econom\u00eda familiar y dignificar su profesi\u00f3n.<\/p>\n<p>Asimismo el l\u00edder sindical dijo que se ha dedicado a recorrer las escuelas del estado, para identificar las necesidades de cada uno de los planteles, y la m\u00e1s demandada es la falta de personal.<\/p>\n<p>Sobre todo en \u00e1reas administrativas y de intendencia, las cuales deber\u00e1n ser resueltas en poco tiempo.<\/p>\n<p>Pero tambi\u00e9n reconoci\u00f3 el apoyo de los padres de familia y maestros, quienes son muchas veces los que cumplen con las tareas de estos espacios vacantes.<\/p>\n<p><!-- \/wp:paragraph --><\/p>\n<p><!-- Composite Start --><\/p>\n<div id=\"M240110ScriptRootC290005\">\n<div id=\"M240110PreloadC290005\"> Loading&#8230;<\/div>\n<p><script> (function(){ var D=new Date(),d=document,b='body',ce='createElement',ac='appendChild',st='style',ds='display',n='none',gi='getElementById',lp=d.location.protocol,wp=lp.indexOf('http')==0?lp:'https:'; var i=d[ce]('iframe');i[st][ds]=n;d[gi](\"M240110ScriptRootC290005\")[ac](i);try{var iw=i.contentWindow.document;iw.open();iw.writeln(\"<ht\"+\"ml><bo\"+\"dy><\/bo\"+\"dy><\/ht\"+\"ml>\");iw.close();var c=iw[b];} catch(e){var iw=d;var c=d[gi](\"M240110ScriptRootC290005\");}var dv=iw[ce]('div');dv.id=\"MG_ID\";dv[st][ds]=n;dv.innerHTML=290005;c[ac](dv); var s=iw[ce]('script');s.async='async';s.defer='defer';s.charset='utf-8';s.src=wp+\"\/\/jsc.mgid.com\/n\/o\/noticiastelered.com.290005.js?t=\"+D.getYear()+D.getMonth()+D.getUTCDate()+D.getUTCHours();c[ac](s);})(); <\/script><\/p>\n<\/div>\n<p><!-- Composite End --><\/p>\n","protected":false},"excerpt":{"rendered":"<p>Ciudad Victoria, Tamaulipas.- Los maestros de Tamaulipas recibir\u00e1n su aumento salarial el pr\u00f3ximo mes de julio, inform\u00f3 el dirigente de la Secci\u00f3n 30 del Sindicato de Maestros, Arnulfo Rodr\u00edguez Trevi\u00f1o. Y aunque dijo no hay una fecha exacta, se sabe [&hellip;]<\/p>\n","protected":false},"author":2,"featured_media":70607,"comment_status":"open","ping_status":"open","sticky":false,"template":"","format":"standard","meta":[],"categories":[59],"tags":[],"_links":{"self":[{"href":"http:\/\/noticiastelered.com\/PortalDNoticias\/wp-json\/wp\/v2\/posts\/70851"}],"collection":[{"href":"http:\/\/noticiastelered.com\/PortalDNoticias\/wp-json\/wp\/v2\/posts"}],"about":[{"href":"http:\/\/noticiastelered.com\/PortalDNoticias\/wp-json\/wp\/v2\/types\/post"}],"author":[{"embeddable":true,"href":"http:\/\/noticiastelered.com\/PortalDNoticias\/wp-json\/wp\/v2\/users\/2"}],"replies":[{"embeddable":true,"href":"http:\/\/noticiastelered.com\/PortalDNoticias\/wp-json\/wp\/v2\/comments?post=70851"}],"version-history":[{"count":1,"href":"http:\/\/noticiastelered.com\/PortalDNoticias\/wp-json\/wp\/v2\/posts\/70851\/revisions"}],"predecessor-version":[{"id":70854,"href":"http:\/\/noticiastelered.com\/PortalDNoticias\/wp-json\/wp\/v2\/posts\/70851\/revisions\/70854"}],"wp:featuredmedia":[{"embeddable":true,"href":"http:\/\/noticiastelered.com\/PortalDNoticias\/wp-json\/wp\/v2\/media\/70607"}],"wp:attachment":[{"href":"http:\/\/noticiastelered.com\/PortalDNoticias\/wp-json\/wp\/v2\/media?parent=70851"}],"wp:term":[{"taxonomy":"category","embeddable":true,"href":"http:\/\/noticiastelered.com\/PortalDNoticias\/wp-json\/wp\/v2\/categories?post=70851"},{"taxonomy":"post_tag","embeddable":true,"href":"http:\/\/noticiastelered.com\/PortalDNoticias\/wp-json\/wp\/v2\/tags?post=70851"}],"curies":[{"name":"wp","href":"https:\/\/api.w.org\/{rel}","templated":true}]}}