{"id":70842,"date":"2023-06-10T22:30:17","date_gmt":"2023-06-10T22:30:17","guid":{"rendered":"http:\/\/noticiastelered.com\/PortalDNoticias\/?p=70842"},"modified":"2023-06-10T22:30:18","modified_gmt":"2023-06-10T22:30:18","slug":"a-prision-16-militares-involucrados-en-ejecucion-extrajudicial-de-5-civiles-en-nuevo-laredo","status":"publish","type":"post","link":"http:\/\/noticiastelered.com\/PortalDNoticias\/a-prision-16-militares-involucrados-en-ejecucion-extrajudicial-de-5-civiles-en-nuevo-laredo\/","title":{"rendered":"A prisi\u00f3n 16 militares involucrados en ejecuci\u00f3n extrajudicial de 5 civiles en Nuevo Laredo."},"content":{"rendered":"\n<p>*La SEDENA cumplimento las 16 \u00f3rdenes de aprehensi\u00f3n, libradas por un Juez Militar y ya est\u00e1n vinculados a proceso por delitos a la disciplina militar<\/p>\n\n\n\n<p>Nuevo Laredo, Tamaulipas, a 10 de junio de 2023.- Mientras la Fiscala General de Justicia Militar avanza en las investigaciones en torno a la ejecuci\u00f3n extrajudicial de cinco civiles en Nuevo Laredo, 16 elementos de SEDENA fueron detenidos y vinculados a proceso, en cumplimiento a una orden de aprehensi\u00f3n, girada por un Juez Militar.<\/p>\n\n\n\n<p>Las indagatorias por el asesinato de los civiles apuntan al Teniente de Infanter\u00eda Jos\u00e9 Luis Nava Mart\u00ednez y 17 soldados bajo su mando, en torno a lo ocurrido en Nuevo Laredo el pasado 18 de mayo.<\/p>\n\n\n\n<p>El personal castrense involucrado en la ejecuci\u00f3n extrajudicial de Jos\u00e9 Moreno, de 27 a\u00f1os; Jorge Colector, de 32; Edgar Chavarr\u00eda, de 38, Jos\u00e9 Rivera, de 23 y Clinton Blucha, de 25 a\u00f1os, tripulaba los veh\u00edculos militares n\u00famero 0916347 y un SandCat 0916579, as\u00ed como soldados que iban en un Humvee, que han cooperado en las indagatorias.<\/p>\n\n\n\n<p>A continuaci\u00f3n el bolet\u00edn emitido este s\u00e1bado, 10 de junio, por la Secretar\u00eda de la Defensa Nacional:<\/p>\n\n\n\n<p>Lomas de Sotelo, Cd. M\u00e9x., a 10 de junio de 2023.-La Secretar\u00eda de la Defensa Nacional informa que, resultado de una carpeta de investigaci\u00f3n iniciada de oficio el pasado 7 de junio de 2023 por los hechos registrados el 18 de mayo del presente a\u00f1o en Nuevo Laredo, Tamaulipas, la Fiscal\u00eda General de Justicia Militar, el 8 de junio del presente a\u00f1o, cumpliment\u00f3 16 \u00f3rdenes de aprehensi\u00f3n en contra del personal militar involucrado.<\/p>\n\n\n\n<p>Las \u00f3rdenes de aprehensi\u00f3n fueron otorgadas por el Juzgado Primero de Control de la Primera Regi\u00f3n Militar, por presuntamente configurarse delitos contrarios a la disciplina militar. Dichas \u00f3rdenes se cumplimentaron con absoluto respeto al debido proceso y a los derechos humanos de los imputados.<\/p>\n\n\n\n<p>Asimismo, se informa que el 9 de junio de 2023, los 16 detenidos fueron vinculados a proceso, habi\u00e9ndoseles dictado por parte del juez militar la medida cautelar de prisi\u00f3n preventiva, la cual cumplir\u00e1n en la Prisi\u00f3n Militar de la Primera Regi\u00f3n Militar, ubicada en el interior del Campo Militar N\u00famero 1-A, Ciudad de M\u00e9xico.<\/p>\n\n\n\n<p>Estas acciones son independientes a la investigaci\u00f3n que realiza la Fiscal\u00eda General de la Rep\u00fablica, con la cual colabora esta Secretar\u00eda de Estado, a fin de que se determinen las responsabilidades correspondientes en el orden federal.<\/p>\n\n\n\n<p>La Secretar\u00eda de la Defensa Nacional ratifica el firme compromiso con el pueblo de M\u00e9xico de actuar en todo momento en el cumplimiento de sus misiones, con irrestricto apego al respeto de los derechos humanos y a la Ley Nacional sobre el Uso de la Fuerza, garantizando que ning\u00fan acto contrario a la legalidad que hubiere sido perpetrado por parte de alguno de sus elementos quede impune.<\/p>\n","protected":false},"excerpt":{"rendered":"<p>*La SEDENA cumplimento las 16 \u00f3rdenes de aprehensi\u00f3n, libradas por un Juez Militar y ya est\u00e1n vinculados a proceso por delitos a la disciplina militar Nuevo Laredo, Tamaulipas, a 10 de junio de 2023.- Mientras la Fiscala General de Justicia [&hellip;]<\/p>\n","protected":false},"author":2,"featured_media":70845,"comment_status":"open","ping_status":"open","sticky":false,"template":"","format":"standard","meta":[],"categories":[60,63,77],"tags":[],"_links":{"self":[{"href":"http:\/\/noticiastelered.com\/PortalDNoticias\/wp-json\/wp\/v2\/posts\/70842"}],"collection":[{"href":"http:\/\/noticiastelered.com\/PortalDNoticias\/wp-json\/wp\/v2\/posts"}],"about":[{"href":"http:\/\/noticiastelered.com\/PortalDNoticias\/wp-json\/wp\/v2\/types\/post"}],"author":[{"embeddable":true,"href":"http:\/\/noticiastelered.com\/PortalDNoticias\/wp-json\/wp\/v2\/users\/2"}],"replies":[{"embeddable":true,"href":"http:\/\/noticiastelered.com\/PortalDNoticias\/wp-json\/wp\/v2\/comments?post=70842"}],"version-history":[{"count":1,"href":"http:\/\/noticiastelered.com\/PortalDNoticias\/wp-json\/wp\/v2\/posts\/70842\/revisions"}],"predecessor-version":[{"id":70846,"href":"http:\/\/noticiastelered.com\/PortalDNoticias\/wp-json\/wp\/v2\/posts\/70842\/revisions\/70846"}],"wp:featuredmedia":[{"embeddable":true,"href":"http:\/\/noticiastelered.com\/PortalDNoticias\/wp-json\/wp\/v2\/media\/70845"}],"wp:attachment":[{"href":"http:\/\/noticiastelered.com\/PortalDNoticias\/wp-json\/wp\/v2\/media?parent=70842"}],"wp:term":[{"taxonomy":"category","embeddable":true,"href":"http:\/\/noticiastelered.com\/PortalDNoticias\/wp-json\/wp\/v2\/categories?post=70842"},{"taxonomy":"post_tag","embeddable":true,"href":"http:\/\/noticiastelered.com\/PortalDNoticias\/wp-json\/wp\/v2\/tags?post=70842"}],"curies":[{"name":"wp","href":"https:\/\/api.w.org\/{rel}","templated":true}]}}