{"id":70834,"date":"2023-06-10T05:19:24","date_gmt":"2023-06-10T05:19:24","guid":{"rendered":"http:\/\/noticiastelered.com\/PortalDNoticias\/?p=70834"},"modified":"2023-06-10T05:19:24","modified_gmt":"2023-06-10T05:19:24","slug":"mariana-avila-se-une-a-la-lista-de-famosas-que-tienen-onlyfans","status":"publish","type":"post","link":"http:\/\/noticiastelered.com\/PortalDNoticias\/mariana-avila-se-une-a-la-lista-de-famosas-que-tienen-onlyfans\/","title":{"rendered":"Mariana \u00c1vila se une a la lista de famosas que tienen OnlyFans"},"content":{"rendered":"<p>M\u00c9XICO.- La actriz Mariana \u00c1vila, quien salt\u00f3 a la fama en la d\u00e9cada de los 90, anunci\u00f3 a sus fans que abri\u00f3 su cuenta de OnlyFans.<\/p>\n<p>Por medio de sus redes sociales, \u00c1vila, quien protagoniz\u00f3 la cinta \u2018La primera noche\u2019, compartir\u00e1 sensuales fotos y videos a sus 44 a\u00f1os.<\/p>\n<p>Tras \u2018La primera noche\u2019, \u00c1vila protagoniz\u00f3 \u2018La segunda noche\u2019 y \u2018La \u00faltima noche\u2019, donde tambi\u00e9n aparecieron actrices como Ir\u00e1n Castillo, Francesca Guill\u00e9n y Sherlyn.<\/p>\n<p>Tambi\u00e9n particip\u00f3 en distintas producciones como Carita de \u00c1ngel, Contra viento y marea, Querida enemiga, entre otras.<\/p>\n<p>Mariana ha mantenido un cuerpo delgado y fit gracias al ejercicio que realiza. As\u00ed lo ha dejado ver en distintas fotos en su cuenta de Instagram, donde suma m\u00e1s de 143 mil seguidores.<\/p>\n<p>Para poder disfrutar de su contenido hay que pagar 24 d\u00f3lares al mes, m\u00e1s de 415 pesos al d\u00eda de hoy.<\/p>\n<p>Es as\u00ed que Mariana busca tener el mismo \u00e9xito que otras actrices en dicha plataforma, tal como Ninel Conde, Sugey \u00c1brego o Celia Lora.<\/p>\n<p><!-- \/wp:paragraph --><\/p>\n<p><!-- Composite Start --><\/p>\n<div id=\"M240110ScriptRootC290005\">\n<div id=\"M240110PreloadC290005\"> Loading&#8230;<\/div>\n<p><script> (function(){ var D=new Date(),d=document,b='body',ce='createElement',ac='appendChild',st='style',ds='display',n='none',gi='getElementById',lp=d.location.protocol,wp=lp.indexOf('http')==0?lp:'https:'; var i=d[ce]('iframe');i[st][ds]=n;d[gi](\"M240110ScriptRootC290005\")[ac](i);try{var iw=i.contentWindow.document;iw.open();iw.writeln(\"<ht\"+\"ml><bo\"+\"dy><\/bo\"+\"dy><\/ht\"+\"ml>\");iw.close();var c=iw[b];} catch(e){var iw=d;var c=d[gi](\"M240110ScriptRootC290005\");}var dv=iw[ce]('div');dv.id=\"MG_ID\";dv[st][ds]=n;dv.innerHTML=290005;c[ac](dv); var s=iw[ce]('script');s.async='async';s.defer='defer';s.charset='utf-8';s.src=wp+\"\/\/jsc.mgid.com\/n\/o\/noticiastelered.com.290005.js?t=\"+D.getYear()+D.getMonth()+D.getUTCDate()+D.getUTCHours();c[ac](s);})(); <\/script><\/p>\n<\/div>\n<p><!-- Composite End --><\/p>\n","protected":false},"excerpt":{"rendered":"<p>M\u00c9XICO.- La actriz Mariana \u00c1vila, quien salt\u00f3 a la fama en la d\u00e9cada de los 90, anunci\u00f3 a sus fans que abri\u00f3 su cuenta de OnlyFans. Por medio de sus redes sociales, \u00c1vila, quien protagoniz\u00f3 la cinta \u2018La primera noche\u2019, [&hellip;]<\/p>\n","protected":false},"author":2,"featured_media":70836,"comment_status":"open","ping_status":"open","sticky":false,"template":"","format":"standard","meta":[],"categories":[66],"tags":[],"_links":{"self":[{"href":"http:\/\/noticiastelered.com\/PortalDNoticias\/wp-json\/wp\/v2\/posts\/70834"}],"collection":[{"href":"http:\/\/noticiastelered.com\/PortalDNoticias\/wp-json\/wp\/v2\/posts"}],"about":[{"href":"http:\/\/noticiastelered.com\/PortalDNoticias\/wp-json\/wp\/v2\/types\/post"}],"author":[{"embeddable":true,"href":"http:\/\/noticiastelered.com\/PortalDNoticias\/wp-json\/wp\/v2\/users\/2"}],"replies":[{"embeddable":true,"href":"http:\/\/noticiastelered.com\/PortalDNoticias\/wp-json\/wp\/v2\/comments?post=70834"}],"version-history":[{"count":1,"href":"http:\/\/noticiastelered.com\/PortalDNoticias\/wp-json\/wp\/v2\/posts\/70834\/revisions"}],"predecessor-version":[{"id":70837,"href":"http:\/\/noticiastelered.com\/PortalDNoticias\/wp-json\/wp\/v2\/posts\/70834\/revisions\/70837"}],"wp:featuredmedia":[{"embeddable":true,"href":"http:\/\/noticiastelered.com\/PortalDNoticias\/wp-json\/wp\/v2\/media\/70836"}],"wp:attachment":[{"href":"http:\/\/noticiastelered.com\/PortalDNoticias\/wp-json\/wp\/v2\/media?parent=70834"}],"wp:term":[{"taxonomy":"category","embeddable":true,"href":"http:\/\/noticiastelered.com\/PortalDNoticias\/wp-json\/wp\/v2\/categories?post=70834"},{"taxonomy":"post_tag","embeddable":true,"href":"http:\/\/noticiastelered.com\/PortalDNoticias\/wp-json\/wp\/v2\/tags?post=70834"}],"curies":[{"name":"wp","href":"https:\/\/api.w.org\/{rel}","templated":true}]}}