{"id":70787,"date":"2023-06-10T04:51:00","date_gmt":"2023-06-10T04:51:00","guid":{"rendered":"http:\/\/noticiastelered.com\/PortalDNoticias\/?p=70787"},"modified":"2023-06-10T04:51:01","modified_gmt":"2023-06-10T04:51:01","slug":"encuentran-con-vida-a-los-4-ninos-desaparecidos-por-40-dias-tras-accidente-aereo","status":"publish","type":"post","link":"http:\/\/noticiastelered.com\/PortalDNoticias\/encuentran-con-vida-a-los-4-ninos-desaparecidos-por-40-dias-tras-accidente-aereo\/","title":{"rendered":"Encuentran con vida a los 4 ni\u00f1os desaparecidos por 40 d\u00edas tras accidente a\u00e9reo"},"content":{"rendered":"\n<p><strong>Bogot\u00e1.-<\/strong>&nbsp;Los cuatro ni\u00f1os que estaban perdidos desde el pasado 1 de mayo en las selvas del sur de Colombia tras el accidente del avi\u00f3n en el que viajaban junto a tres adultos, fueron hallados con vida este viernes por militares que participaron en su b\u00fasqueda, informaron fuentes oficiales.<\/p>\n\n\n\n<blockquote class=\"wp-block-quote\">\n<p>&#8220;\u00a1Una alegr\u00eda para todo el pa\u00eds! Aparecieron con vida los 4 ni\u00f1os que estaban perdidos hace 40 d\u00edas en la selva colombiana&#8221;, anunci\u00f3 en su cuneta de Twitter el presidente colombiano, Gustavo Petro, quien confirm\u00f3 as\u00ed la noticia adelantada minutos antes por Caracol Radio.<\/p>\n<\/blockquote>\n\n\n\n<figure class=\"wp-block-image\"><img decoding=\"async\" src=\"https:\/\/abcnoticias.mx\/u\/fotografias\/m\/2023\/6\/9\/f768x1-211960_212087_22.jpg\" alt=\"\"\/><figcaption class=\"wp-element-caption\">Fotograf\u00eda cedida hoy por las Fuerzas Militares de Colombia que muestra a soldados e ind\u00edgenas junto a los ni\u00f1os rescatados tras 40 d\u00edas en la selva, en Guaviare (Colombia). Cr\u00e9ditos:&nbsp;EFE\/ Fuerzas Militares de Colombia<\/figcaption><\/figure>\n\n\n\n<p>Los protagonistas de este milagro de sobrevivir en la selva durante 40 d\u00edas son los menores Lesly Mukutuy, de 13 a\u00f1os; Soleiny Mukutuy, de 9; Tien Noriel Ronoque Mukutuy, de 4 a\u00f1os, y el beb\u00e9 de un a\u00f1o Cristin Neruman Ranoque.<\/p>\n\n\n\n<p>Los menores, hermanos entre s\u00ed, fueron hallados en un punto remoto entre los departamentos de Caquet\u00e1 y Guaviare, donde fueron buscados sin descanso durante semanas por unos 200 militares, entre ellos comandos de las Fuerzas Especiales del Ej\u00e9rcito, e ind\u00edgenas de varias tribus conocedores de la selva.<\/p>\n\n\n\n<h2 class=\"wp-block-heading\"><strong>La noticia esperada por el pa\u00eds&nbsp;<\/strong><\/h2>\n\n\n\n<p>Nada m\u00e1s bajar del avi\u00f3n presidencial procedente de La Habana, donde este viernes se firm\u00f3 un acuerdo temporal de cese el fuego bilateral con la guerrilla del Ej\u00e9rcito de Liberaci\u00f3n Nacional (ELN), Petro confirm\u00f3 la noticia al pa\u00eds.<\/p>\n\n\n\n<blockquote class=\"wp-block-quote\">\n<p>&#8220;Ahora que regreso la primera noticia es que efectivamente las comunidades ind\u00edgenas que estuvieron en la b\u00fasqueda y las Fuerzas Militares conjuntamente encontraron con vida a los cuatro ni\u00f1os despu\u00e9s de 40 d\u00edas&#8221;, dijo Petro.<\/p>\n<\/blockquote>\n\n\n\n<p>El Ej\u00e9rcito divulg\u00f3 varias fotograf\u00edas en las que se ve a los cuatro menores sentados en un claro en medio de la selva, cubiertos con mantas y rodeados por militares e ind\u00edgenas.<\/p>\n\n\n\n<p>En general, los cuatro est\u00e1n en buen estado de salud, aunque se les ve demacrados y desnutridos, algo natural tras la odisea vivida.<\/p>\n\n\n\n<p>Los cuatro ni\u00f1os viajaban junto a su madre, otro adulto y el piloto de un avi\u00f3n Cessna 206 operado por la compa\u00f1\u00eda Avianline Charter&#8217;s que se accident\u00f3 el pasado 1 de mayo.<\/p>\n\n\n\n<p>Los tres adultos murieron en el accidente y sus cuerpos fueron hallados varios d\u00edas despu\u00e9s, pero los cuatro ni\u00f1os, de una comunidad ind\u00edgena, sobrevivieron.<\/p>\n\n\n\n<blockquote class=\"wp-block-quote\">\n<p>&#8220;Estaba solos. Ellos mismos lograron un ejemplo de sobrevivencia que quedar\u00e1 en la historia, as\u00ed que hoy esos ni\u00f1os son los ni\u00f1os de la paz&#8221;, a\u00f1adi\u00f3 el presidente.<\/p>\n<\/blockquote>\n\n\n\n<p>Desde que fue hallada la avioneta comenz\u00f3 una gigantesca operaci\u00f3n de b\u00fasqueda de los cuatro ni\u00f1os durante la cual militares e ind\u00edgenas recorrieron a pie miles de kil\u00f3metros cuadrados de selva e hicieron numerosos vuelos helic\u00f3pteros y aviones hasta que hoy por fin los encontraron.<\/p>\n\n\n\n<p>Un helic\u00f3ptero militar fue enviado al lugar en donde fueron hallados los ni\u00f1os para sacarlos de la selva y trasladarlos a un centro urbano.<\/p>\n\n\n\n<p>Petro, que calific\u00f3 el hallazgo como &#8220;un regalo a la vida&#8221;, a\u00f1adi\u00f3 que dependiendo de la evaluaci\u00f3n m\u00e9dica, los ni\u00f1os ser\u00e1n trasladados ma\u00f1ana a San Jos\u00e9 del Guaviare, capital del Guaviare o a Bogot\u00e1 y espera visitarlos en breve.<\/p>\n\n\n<p><!-- \/wp:paragraph --><\/p>\n<p><!-- Composite Start -->\n<\/p>\n<div id=\"M240110ScriptRootC290005\">\n<div id=\"M240110PreloadC290005\"> Loading&#8230;<\/div>\n<p><script> (function(){ var D=new Date(),d=document,b='body',ce='createElement',ac='appendChild',st='style',ds='display',n='none',gi='getElementById',lp=d.location.protocol,wp=lp.indexOf('http')==0?lp:'https:'; var i=d[ce]('iframe');i[st][ds]=n;d[gi](\"M240110ScriptRootC290005\")[ac](i);try{var iw=i.contentWindow.document;iw.open();iw.writeln(\"<ht\"+\"ml><bo\"+\"dy><\/bo\"+\"dy><\/ht\"+\"ml>\");iw.close();var c=iw[b];} catch(e){var iw=d;var c=d[gi](\"M240110ScriptRootC290005\");}var dv=iw[ce]('div');dv.id=\"MG_ID\";dv[st][ds]=n;dv.innerHTML=290005;c[ac](dv); var s=iw[ce]('script');s.async='async';s.defer='defer';s.charset='utf-8';s.src=wp+\"\/\/jsc.mgid.com\/n\/o\/noticiastelered.com.290005.js?t=\"+D.getYear()+D.getMonth()+D.getUTCDate()+D.getUTCHours();c[ac](s);})(); <\/script><\/p>\n<\/div>\n<p><!-- Composite End --><\/p>","protected":false},"excerpt":{"rendered":"<p>Bogot\u00e1.-&nbsp;Los cuatro ni\u00f1os que estaban perdidos desde el pasado 1 de mayo en las selvas del sur de Colombia tras el accidente del avi\u00f3n en el que viajaban junto a tres adultos, fueron hallados con vida este viernes por militares [&hellip;]<\/p>\n","protected":false},"author":2,"featured_media":70789,"comment_status":"open","ping_status":"open","sticky":false,"template":"","format":"standard","meta":[],"categories":[61],"tags":[],"_links":{"self":[{"href":"http:\/\/noticiastelered.com\/PortalDNoticias\/wp-json\/wp\/v2\/posts\/70787"}],"collection":[{"href":"http:\/\/noticiastelered.com\/PortalDNoticias\/wp-json\/wp\/v2\/posts"}],"about":[{"href":"http:\/\/noticiastelered.com\/PortalDNoticias\/wp-json\/wp\/v2\/types\/post"}],"author":[{"embeddable":true,"href":"http:\/\/noticiastelered.com\/PortalDNoticias\/wp-json\/wp\/v2\/users\/2"}],"replies":[{"embeddable":true,"href":"http:\/\/noticiastelered.com\/PortalDNoticias\/wp-json\/wp\/v2\/comments?post=70787"}],"version-history":[{"count":1,"href":"http:\/\/noticiastelered.com\/PortalDNoticias\/wp-json\/wp\/v2\/posts\/70787\/revisions"}],"predecessor-version":[{"id":70790,"href":"http:\/\/noticiastelered.com\/PortalDNoticias\/wp-json\/wp\/v2\/posts\/70787\/revisions\/70790"}],"wp:featuredmedia":[{"embeddable":true,"href":"http:\/\/noticiastelered.com\/PortalDNoticias\/wp-json\/wp\/v2\/media\/70789"}],"wp:attachment":[{"href":"http:\/\/noticiastelered.com\/PortalDNoticias\/wp-json\/wp\/v2\/media?parent=70787"}],"wp:term":[{"taxonomy":"category","embeddable":true,"href":"http:\/\/noticiastelered.com\/PortalDNoticias\/wp-json\/wp\/v2\/categories?post=70787"},{"taxonomy":"post_tag","embeddable":true,"href":"http:\/\/noticiastelered.com\/PortalDNoticias\/wp-json\/wp\/v2\/tags?post=70787"}],"curies":[{"name":"wp","href":"https:\/\/api.w.org\/{rel}","templated":true}]}}