{"id":70720,"date":"2023-06-08T15:26:33","date_gmt":"2023-06-08T15:26:33","guid":{"rendered":"http:\/\/noticiastelered.com\/PortalDNoticias\/?p=70720"},"modified":"2023-06-08T15:26:34","modified_gmt":"2023-06-08T15:26:34","slug":"seguridad-sin-guerra-y-amnistia-internacional-llaman-al-estado-mexicano-a-realizar-una-investigacion-pronta-expedita-y-apegada-al-derecho-internacional-de-la-presunta-ejecucion-de-cinco-personas-civi","status":"publish","type":"post","link":"http:\/\/noticiastelered.com\/PortalDNoticias\/seguridad-sin-guerra-y-amnistia-internacional-llaman-al-estado-mexicano-a-realizar-una-investigacion-pronta-expedita-y-apegada-al-derecho-internacional-de-la-presunta-ejecucion-de-cinco-personas-civi\/","title":{"rendered":"Seguridad Sin Guerra y Amnist\u00eda Internacional llaman al Estado mexicano a realizar una investigaci\u00f3n pronta, expedita y apegada al derecho internacional de la presunta ejecuci\u00f3n de cinco personas civiles a manos de integrantes del Ej\u00e9rcito Mexicano"},"content":{"rendered":"\n<p>Ciudad de M\u00e9xico, 7 de junio de 2023. El d\u00eda de ayer se hizo p\u00fablico un video, grabado por una c\u00e1mara de vigilancia el 18 de mayo de 2023, en el que se observa la presunta ejecuci\u00f3n de cinco personas civiles a manos de integrantes del Ej\u00e9rcito Mexicano. \n\nAmnist\u00eda Internacional y #SeguridadSinGuerra recuerdan que corresponde a las autoridades civiles determinar las responsabilidades de los elementos del ej\u00e9rcito en los hechos que se aprecian en el video.<\/p>\n\n\n\n<p>Estos hechos no pueden entenderse de forma aislada, sino que reflejan los procedimientos con los que las Fuerzas Armadas (FFAA) han actuado en los \u00faltimos 16 a\u00f1os en M\u00e9xico al realizar funciones de seguridad p\u00fablica que le corresponden a autoridades civiles, destacadamente los casos de violaciones graves con saldo fatal cometidas por elementos del ej\u00e9rcito en Nuevo Laredo, Tamaulipas (2020); la muerte de la ni\u00f1a Heidi (2022) y el asesinato de 5 j\u00f3venes a manos de elementos el Ej\u00e9rcito mexicano tambi\u00e9n en Nuevo Laredo, en marzo de 2023.<\/p>\n\n\n\n<p>Ejemplos de esta tendencia tambi\u00e9n se encuentran documentados por la investigaci\u00f3n Con Copia Oculta, elaborada por las organizaciones Data C\u00edvica e Intersecta as\u00ed como en la Comunicaci\u00f3n de acuerdo con el art\u00edculo 15 del Estatuto de Roma de la Corte Penal Internacional sobre la presunta comisi\u00f3n de asesinatos como cr\u00edmenes de lesa humanidad, perpetrados por elementos de las Fuerzas Federales del Estado mexicano entre 2007 y 2017, preparada por la Comisi\u00f3n Mexicana de Defensa y Promoci\u00f3n de los Derechos Humanos.<\/p>\n\n\n\n<h1 class=\"wp-block-heading\">SeguridadSinGuerra y Amnist\u00eda Internacional exigen a las autoridades del Estado mexicano que la investigaci\u00f3n y el esclarecimiento de los hechos se realice en apego al Protocolo Minnesota, asegurando que las investigaciones sobre muertes ocasionadas por acci\u00f3n de \u00f3rganos o agentes del Estado garanticen la rendici\u00f3n de cuentas, el acceso a la informaci\u00f3n y con juicios a los autores identificados en tribunales civiles y sanciones adecuadas a los responsables.<\/h1>\n\n\n\n<p>En el video se aprecia que las personas detenidas ya hab\u00edan sido sometidas por los elementos del ej\u00e9rcito. Luego de esto debieron ser entregadas a la autoridad competente para seguirles el debido proceso.<\/p>\n\n\n\n<p>En este sentido, la participaci\u00f3n del ej\u00e9rcito en tareas de seguridad p\u00fablica tanto convencional como constitucionalmente debe ser subordinada a las corporaciones civiles y sus en tareas de seguridad p\u00fablica extraordinarias, reguladas y fiscalizadas por \u00f3rganos civiles competentes, independientes y t\u00e9cnicamente capaces.<\/p>\n\n\n\n<h1 class=\"wp-block-heading\">SeguridadSinGuerra y Amnist\u00eda Internacional hacen de nuevo un llamado al Estado mexicano para incorporar la regulaci\u00f3n del uso de la fuerza por parte de las FFAA en las tareas de seguridad p\u00fablica del orden civil.<\/h1>\n\n\n\n<p>Resulta sumamente preocupante el clima de impunidad en el que operan actualmente las FFAA en M\u00e9xico. Si no fuera por una c\u00e1mara de vigilancia y por la labor de investigaci\u00f3n de los medios, el pa\u00eds no sabr\u00eda de los cr\u00edmenes atroces y violaciones a los derechos humanos cometidas por militares, como recientemente ocurri\u00f3 en Nuevo Laredo el 18 de mayo de 2023. Exigimos que la Fiscal\u00eda General de la Rep\u00fablica investigue a los responsables de estos lamentables hechos, as\u00ed como de todas aquellos homicidios en los que han estado involucradas las fuerzas armadas en d\u00e9cadas recientes.<\/p>\n\n\n\n<p>La impunidad, opacidad y falta de rendici\u00f3n de cuentas de las instituciones castrenses no disminuir\u00e1n si no se implementan medidas serias y efectivas para su fiscalizaci\u00f3n y supervisi\u00f3n democr\u00e1tica. Continuaremos exigiendo el retiro de las FFAA de labores de seguridad p\u00fablica, el fortalecimiento y profesionalizaci\u00f3n de las instituciones de seguridad civiles y la subordinaci\u00f3n del poder militar al civil. Solicitamos a los mecanismos internacionales de protecci\u00f3n de los derechos humanos tanto de la Organizaci\u00f3n de las Naciones Unidas como de la Organizaci\u00f3n de Estados Americanos que exijan al Estado mexicano medidas adecuadas y efectivas para garantizar que soldados y marinos que cometan esta clase de atrocidades rindan cuentan ante la justicia nacional o internacional.<\/p>\n\n\n\n<h1 class=\"wp-block-heading\">PorLasV\u00edctimasYPorLaPaz<\/h1>\n\n\n\n<h1 class=\"wp-block-heading\">SeguidadSinGuerra<\/h1>\n","protected":false},"excerpt":{"rendered":"<p>Ciudad de M\u00e9xico, 7 de junio de 2023. El d\u00eda de ayer se hizo p\u00fablico un video, grabado por una c\u00e1mara de vigilancia el 18 de mayo de 2023, en el que se observa la presunta ejecuci\u00f3n de cinco personas [&hellip;]<\/p>\n","protected":false},"author":2,"featured_media":70722,"comment_status":"open","ping_status":"open","sticky":false,"template":"","format":"standard","meta":[],"categories":[60,63,77],"tags":[],"_links":{"self":[{"href":"http:\/\/noticiastelered.com\/PortalDNoticias\/wp-json\/wp\/v2\/posts\/70720"}],"collection":[{"href":"http:\/\/noticiastelered.com\/PortalDNoticias\/wp-json\/wp\/v2\/posts"}],"about":[{"href":"http:\/\/noticiastelered.com\/PortalDNoticias\/wp-json\/wp\/v2\/types\/post"}],"author":[{"embeddable":true,"href":"http:\/\/noticiastelered.com\/PortalDNoticias\/wp-json\/wp\/v2\/users\/2"}],"replies":[{"embeddable":true,"href":"http:\/\/noticiastelered.com\/PortalDNoticias\/wp-json\/wp\/v2\/comments?post=70720"}],"version-history":[{"count":1,"href":"http:\/\/noticiastelered.com\/PortalDNoticias\/wp-json\/wp\/v2\/posts\/70720\/revisions"}],"predecessor-version":[{"id":70723,"href":"http:\/\/noticiastelered.com\/PortalDNoticias\/wp-json\/wp\/v2\/posts\/70720\/revisions\/70723"}],"wp:featuredmedia":[{"embeddable":true,"href":"http:\/\/noticiastelered.com\/PortalDNoticias\/wp-json\/wp\/v2\/media\/70722"}],"wp:attachment":[{"href":"http:\/\/noticiastelered.com\/PortalDNoticias\/wp-json\/wp\/v2\/media?parent=70720"}],"wp:term":[{"taxonomy":"category","embeddable":true,"href":"http:\/\/noticiastelered.com\/PortalDNoticias\/wp-json\/wp\/v2\/categories?post=70720"},{"taxonomy":"post_tag","embeddable":true,"href":"http:\/\/noticiastelered.com\/PortalDNoticias\/wp-json\/wp\/v2\/tags?post=70720"}],"curies":[{"name":"wp","href":"https:\/\/api.w.org\/{rel}","templated":true}]}}