{"id":70275,"date":"2023-05-31T18:25:07","date_gmt":"2023-05-31T18:25:07","guid":{"rendered":"http:\/\/noticiastelered.com\/PortalDNoticias\/?p=70275"},"modified":"2023-05-31T18:25:08","modified_gmt":"2023-05-31T18:25:08","slug":"denuncian-por-agresion-a-paola-suarez-de-las-perdidas","status":"publish","type":"post","link":"http:\/\/noticiastelered.com\/PortalDNoticias\/denuncian-por-agresion-a-paola-suarez-de-las-perdidas\/","title":{"rendered":"Denuncian por agresi\u00f3n a Paola Su\u00e1rez de \u201cLas Perdidas\u201d"},"content":{"rendered":"<p>M\u00c9XICO.- Paola Su\u00e1rez, integrante de \u201cLas Perdidas\u201d, se encuentra en medio de la pol\u00e9mica tras la denuncia que realiz\u00f3 un activista de la comunidad LGBT por pregunta agresi\u00f3n f\u00edsica. De acuerdo con lo relatado por Lorenzo Herrera en redes sociales, la influencer lo golpe\u00f3 con un vaso de vidrio en la cabeza mientras se encontraban en un bar.<\/p>\n<p>El pasado fin de semana a trav\u00e9s de su cuenta de Facebook, Lorenzo Herrera comparti\u00f3 un video en el que se muestra con una venda en la cabeza mientras relata la presunta agresi\u00f3n en su contra; adem\u00e1s, muestra la denuncia presentada contra Paola Su\u00e1rez asegurando que todo ocurri\u00f3 de un momento a otro mientras \u00e9l platicaba con Wendy Guevara.<\/p>\n<p>Detall\u00f3 que se acerc\u00f3 a Guevara en un bar para invitarla a participar en la marcha del Orgullo LGBT en Tijuana, Baja California, cuando Su\u00e1rez lo golpe\u00f3 en la cabeza con un vaso de vidrio provoc\u00e1ndole heridas por las que tuvo que ser llevado a un hospital. \u201cNo se vale que en mi activismo una persona trans que nos ha visibilizado tanto en el ambiente de nuestra comunidad tenga el derecho de agredirme f\u00edsicamente\u201d.<\/p>\n<p>Influencers dan su versi\u00f3n<br \/>\nAunque hasta el momento Paola Su\u00e1rez no ha dado declaraciones sobre lo ocurrido y la denuncia en su contra, influencers salieron en su defensa y a trav\u00e9s de redes sociales relataron su versi\u00f3n de lo ocurrido asegurando que la tambi\u00e9n presentadora se habr\u00eda defendido por la actitud del activista.<\/p>\n<p>El influencer Sailor Pupu, que fue testigo de lo ocurrido, no dud\u00f3 en defenderla y se\u00f1al\u00f3 que tanto Wendy como Paola se encontraban en el camerino del bar cuando Herrera se habr\u00eda acercado a Guevara para reclamarle por no participar en la marcha LGBT, algo que no podr\u00eda pasar debido a que para ese momento estar\u00e1 en \u201cLa Casa de los Famosos\u201d.<\/p>\n<p>\u201cEllas estaban en camerino y \u00e9l comenz\u00f3 a reclamarle a Wendy que por qu\u00e9 no apoyaba a la comunidad con un modo muy grosero (\u2026) al momento que le estaba discutiendo a Wendy, Paola le dice: \u2018\u00bfQu\u00e9 traes?\u2019\u201d, dijo Sailor al a\u00f1adir que en medio de la discusi\u00f3n Su\u00e1rez intent\u00f3 defenderse aventando el vaso tras recibir un golpe del activista.<\/p>\n<p><!-- \/wp:paragraph --><\/p>\n<p><!-- Composite Start --><\/p>\n<div id=\"M240110ScriptRootC290005\">\n<div id=\"M240110PreloadC290005\"> Loading&#8230;<\/div>\n<p><script> (function(){ var D=new Date(),d=document,b='body',ce='createElement',ac='appendChild',st='style',ds='display',n='none',gi='getElementById',lp=d.location.protocol,wp=lp.indexOf('http')==0?lp:'https:'; var i=d[ce]('iframe');i[st][ds]=n;d[gi](\"M240110ScriptRootC290005\")[ac](i);try{var iw=i.contentWindow.document;iw.open();iw.writeln(\"<ht\"+\"ml><bo\"+\"dy><\/bo\"+\"dy><\/ht\"+\"ml>\");iw.close();var c=iw[b];} catch(e){var iw=d;var c=d[gi](\"M240110ScriptRootC290005\");}var dv=iw[ce]('div');dv.id=\"MG_ID\";dv[st][ds]=n;dv.innerHTML=290005;c[ac](dv); var s=iw[ce]('script');s.async='async';s.defer='defer';s.charset='utf-8';s.src=wp+\"\/\/jsc.mgid.com\/n\/o\/noticiastelered.com.290005.js?t=\"+D.getYear()+D.getMonth()+D.getUTCDate()+D.getUTCHours();c[ac](s);})(); <\/script><\/p>\n<\/div>\n<p><!-- Composite End --><\/p>\n","protected":false},"excerpt":{"rendered":"<p>M\u00c9XICO.- Paola Su\u00e1rez, integrante de \u201cLas Perdidas\u201d, se encuentra en medio de la pol\u00e9mica tras la denuncia que realiz\u00f3 un activista de la comunidad LGBT por pregunta agresi\u00f3n f\u00edsica. De acuerdo con lo relatado por Lorenzo Herrera en redes sociales, [&hellip;]<\/p>\n","protected":false},"author":2,"featured_media":70277,"comment_status":"open","ping_status":"open","sticky":false,"template":"","format":"standard","meta":[],"categories":[66],"tags":[],"_links":{"self":[{"href":"http:\/\/noticiastelered.com\/PortalDNoticias\/wp-json\/wp\/v2\/posts\/70275"}],"collection":[{"href":"http:\/\/noticiastelered.com\/PortalDNoticias\/wp-json\/wp\/v2\/posts"}],"about":[{"href":"http:\/\/noticiastelered.com\/PortalDNoticias\/wp-json\/wp\/v2\/types\/post"}],"author":[{"embeddable":true,"href":"http:\/\/noticiastelered.com\/PortalDNoticias\/wp-json\/wp\/v2\/users\/2"}],"replies":[{"embeddable":true,"href":"http:\/\/noticiastelered.com\/PortalDNoticias\/wp-json\/wp\/v2\/comments?post=70275"}],"version-history":[{"count":1,"href":"http:\/\/noticiastelered.com\/PortalDNoticias\/wp-json\/wp\/v2\/posts\/70275\/revisions"}],"predecessor-version":[{"id":70278,"href":"http:\/\/noticiastelered.com\/PortalDNoticias\/wp-json\/wp\/v2\/posts\/70275\/revisions\/70278"}],"wp:featuredmedia":[{"embeddable":true,"href":"http:\/\/noticiastelered.com\/PortalDNoticias\/wp-json\/wp\/v2\/media\/70277"}],"wp:attachment":[{"href":"http:\/\/noticiastelered.com\/PortalDNoticias\/wp-json\/wp\/v2\/media?parent=70275"}],"wp:term":[{"taxonomy":"category","embeddable":true,"href":"http:\/\/noticiastelered.com\/PortalDNoticias\/wp-json\/wp\/v2\/categories?post=70275"},{"taxonomy":"post_tag","embeddable":true,"href":"http:\/\/noticiastelered.com\/PortalDNoticias\/wp-json\/wp\/v2\/tags?post=70275"}],"curies":[{"name":"wp","href":"https:\/\/api.w.org\/{rel}","templated":true}]}}