{"id":70236,"date":"2023-05-30T19:28:38","date_gmt":"2023-05-30T19:28:38","guid":{"rendered":"http:\/\/noticiastelered.com\/PortalDNoticias\/?p=70236"},"modified":"2023-05-30T19:28:39","modified_gmt":"2023-05-30T19:28:39","slug":"arath-de-la-torre-amenaza-a-empleados-de-una-aerolinea","status":"publish","type":"post","link":"http:\/\/noticiastelered.com\/PortalDNoticias\/arath-de-la-torre-amenaza-a-empleados-de-una-aerolinea\/","title":{"rendered":"Arath de la Torre amenaza a empleados de una aerol\u00ednea"},"content":{"rendered":"<p>M\u00c9XICO.- Arath de la Torre fue grabado y exhibido en redes sociales, luego de que amenazara a empleados de una aerol\u00ednea de Canc\u00fan, puesto que el conductor lleg\u00f3 tarde a tomar el avi\u00f3n, aunque el tambi\u00e9n comediante argument\u00f3 que en la aplicaci\u00f3n del celular se mencionaba que el transporte a\u00e9reo iba retrasado por 20 a 30 minutos.<\/p>\n<p>En redes sociales, una grabaci\u00f3n en la que se escucha la voz de Arath de la Torre se hizo viral, luego de que el comediante amenazara a empleados de una aerol\u00ednea, debido a que quer\u00edan que pagara un extra por haber llegado tarde a su vuelo en una aerol\u00ednea de Canc\u00fan.<\/p>\n<p>\u201cNo puede ser que me est\u00e9n robado y me est\u00e9n cobrando por boleto, me est\u00e1n haciendo creer que llegu\u00e9 tarde, a ver compru\u00e9bame que llegu\u00e9 tarde, comprueba mi palabra contra la tuya, yo llegu\u00e9 temprano\u201d, dice Arath de la Torre, quien en todo momento se encuentra molesto por el servicio de atenci\u00f3n a clientes de la aerol\u00ednea.<\/p>\n<p>\u201c@carmenllano308 #pegar un video de @Roberto Gzz #tiktokersvaliosos #arathdelatorre #reflexionespsicologicas \u266c sonido original \u2013 Marycarmenllano\u201d<\/p>\n<p>Isabel Gamora, como se identific\u00f3 la empleada de la aerol\u00ednea, le dice que ella no la puede ayudar, ya que ella no le document\u00f3 la maleta y que la informaci\u00f3n de salida de los aviones la ponen en los mostradores, por lo que Arath de la Torre tuvo que fijarse antes de abordar.<\/p>\n<p>Durante el audio, Arath de la Torre le explica a la empleada de la aerol\u00ednea que en su celular revis\u00f3 y que se mencion\u00f3 que el vuelo iba retrasado entre 25 a 30 minutos con unas letras rojas abajo, pero la trabajadora le dijo que a\u00fan con esa leyenda, ella no pod\u00eda hacer nada, por lo que pidi\u00f3 pasar al mostrador de nueva cuenta para que le entregaran su pase de abordar, luego de que el actor hizo un pago.<\/p>\n<p>Despu\u00e9s de esto, se escucha la voz de otro empleado, quien le reclama a Arath de la Torre por aventarla el boleto de avi\u00f3n, por lo que el actor amenazo y cuestion\u00f3 al empleado de si se estaba poniendo al brinco.<\/p>\n<p>\u201c\u00bfTe me est\u00e1s poniendo al pex, est\u00e1s seguro de lo que est\u00e1s haciendo?\u201d, gritaba Arath de la Torre cuando otro sujeto sin identificar nombre le pidi\u00f3 a la persona encargada que le cancelara el vuelo a lo que el actor se molest\u00f3 a\u00fan m\u00e1s.<\/p>\n<p>\u201cNo me puedes cancelar el vuelo porque estoy en mis cinco sentidos y t\u00fa no puedes hacer eso, \u00bfme o\u00edste? No me peudes cancelar el vuelo, t\u00fa me cancelas el vuelo y te va a cargar, te lo digo en buena onda, yo nada m\u00e1s te dije\u201d, dice Arath de la Torre.<\/p>\n<p>Al final, la empleada media el asunto y le dice a Arath de la Torre que no le cancelar\u00e1n el vuelo, pero que tiene que pasar a mostrador para que pueda posteriormente abordar.<\/p>\n<p><!-- \/wp:paragraph --><\/p>\n<p><!-- Composite Start --><\/p>\n<div id=\"M240110ScriptRootC290005\">\n<div id=\"M240110PreloadC290005\"> Loading&#8230;<\/div>\n<p><script> (function(){ var D=new Date(),d=document,b='body',ce='createElement',ac='appendChild',st='style',ds='display',n='none',gi='getElementById',lp=d.location.protocol,wp=lp.indexOf('http')==0?lp:'https:'; var i=d[ce]('iframe');i[st][ds]=n;d[gi](\"M240110ScriptRootC290005\")[ac](i);try{var iw=i.contentWindow.document;iw.open();iw.writeln(\"<ht\"+\"ml><bo\"+\"dy><\/bo\"+\"dy><\/ht\"+\"ml>\");iw.close();var c=iw[b];} catch(e){var iw=d;var c=d[gi](\"M240110ScriptRootC290005\");}var dv=iw[ce]('div');dv.id=\"MG_ID\";dv[st][ds]=n;dv.innerHTML=290005;c[ac](dv); var s=iw[ce]('script');s.async='async';s.defer='defer';s.charset='utf-8';s.src=wp+\"\/\/jsc.mgid.com\/n\/o\/noticiastelered.com.290005.js?t=\"+D.getYear()+D.getMonth()+D.getUTCDate()+D.getUTCHours();c[ac](s);})(); <\/script><\/p>\n<\/div>\n<p><!-- Composite End --><\/p>\n","protected":false},"excerpt":{"rendered":"<p>M\u00c9XICO.- Arath de la Torre fue grabado y exhibido en redes sociales, luego de que amenazara a empleados de una aerol\u00ednea de Canc\u00fan, puesto que el conductor lleg\u00f3 tarde a tomar el avi\u00f3n, aunque el tambi\u00e9n comediante argument\u00f3 que en [&hellip;]<\/p>\n","protected":false},"author":2,"featured_media":70238,"comment_status":"open","ping_status":"open","sticky":false,"template":"","format":"standard","meta":[],"categories":[66],"tags":[],"_links":{"self":[{"href":"http:\/\/noticiastelered.com\/PortalDNoticias\/wp-json\/wp\/v2\/posts\/70236"}],"collection":[{"href":"http:\/\/noticiastelered.com\/PortalDNoticias\/wp-json\/wp\/v2\/posts"}],"about":[{"href":"http:\/\/noticiastelered.com\/PortalDNoticias\/wp-json\/wp\/v2\/types\/post"}],"author":[{"embeddable":true,"href":"http:\/\/noticiastelered.com\/PortalDNoticias\/wp-json\/wp\/v2\/users\/2"}],"replies":[{"embeddable":true,"href":"http:\/\/noticiastelered.com\/PortalDNoticias\/wp-json\/wp\/v2\/comments?post=70236"}],"version-history":[{"count":1,"href":"http:\/\/noticiastelered.com\/PortalDNoticias\/wp-json\/wp\/v2\/posts\/70236\/revisions"}],"predecessor-version":[{"id":70239,"href":"http:\/\/noticiastelered.com\/PortalDNoticias\/wp-json\/wp\/v2\/posts\/70236\/revisions\/70239"}],"wp:featuredmedia":[{"embeddable":true,"href":"http:\/\/noticiastelered.com\/PortalDNoticias\/wp-json\/wp\/v2\/media\/70238"}],"wp:attachment":[{"href":"http:\/\/noticiastelered.com\/PortalDNoticias\/wp-json\/wp\/v2\/media?parent=70236"}],"wp:term":[{"taxonomy":"category","embeddable":true,"href":"http:\/\/noticiastelered.com\/PortalDNoticias\/wp-json\/wp\/v2\/categories?post=70236"},{"taxonomy":"post_tag","embeddable":true,"href":"http:\/\/noticiastelered.com\/PortalDNoticias\/wp-json\/wp\/v2\/tags?post=70236"}],"curies":[{"name":"wp","href":"https:\/\/api.w.org\/{rel}","templated":true}]}}