{"id":69313,"date":"2023-05-13T04:41:41","date_gmt":"2023-05-13T04:41:41","guid":{"rendered":"http:\/\/noticiastelered.com\/PortalDNoticias\/?p=69313"},"modified":"2023-05-13T04:41:42","modified_gmt":"2023-05-13T04:41:42","slug":"maribel-guardia-va-a-concierto-de-gloria-trevi-y-ella-le-dedica-emotivas-palabras","status":"publish","type":"post","link":"http:\/\/noticiastelered.com\/PortalDNoticias\/maribel-guardia-va-a-concierto-de-gloria-trevi-y-ella-le-dedica-emotivas-palabras\/","title":{"rendered":"Maribel Guardia va a concierto de Gloria Trevi y ella le dedica emotivas palabras"},"content":{"rendered":"<p>El pasado 9 de abril, inesperadamente se confirm\u00f3 la muerte de Juli\u00e1n Figueroa, hijo de Maribel Guardia y Joan Sebasti\u00e1n, desde entonces la vida de la costarricense no ha sido la misma, sin embargo, la tambi\u00e9n actriz ha intentado seguir adelante con su vida.<\/p>\n<p>Debido a lo anterior es que Maribel Guardia poco a poco ha retomado su vida, pues regres\u00f3 al trabajo en la obra de teatro \u201cLagunilla mi barrio\u201d, y recientemente se le vi\u00f3 en un concierto en la CDMX que ofreci\u00f3 Gloria Trevi, ah\u00ed la cantante le dedic\u00f3 unas emotivas palabras que hicieron que la costarricense rompiera en llanto.<\/p>\n<p>\u00bfQu\u00e9 le dijo Gloria Trevi a Maribel Guardia?<\/p>\n<p>Una de las famosas que se uni\u00f3 a la pena de Maribel Guardia, tras el fallecimiento de Juli\u00e1n Figueroa fue precisamente Gloria Trevi quien a trav\u00e9s de sus redes sociales dedic\u00f3 un hermoso mensaje a la familia del joven que falleci\u00f3 en su casa al sur de la CDMX.<\/p>\n<p>Y es que Gloria Trevi y Maribel Guardia son grandes amigas, por lo que \u00e9sta \u00faltima en compa\u00f1\u00eda de su esposo Marco y su nuera Imelda asistieron al concierto de la regiomontana en el Coloso de Reforma.<\/p>\n<p>Fue ah\u00ed en donde, la int\u00e9rprete de \u201cDoctor psiquiatra\u201d hizo una pausa durante un concierto y dedic\u00f3 unas emotivas palabras a Maribel Guardia, adem\u00e1s le pidi\u00f3 a su p\u00fablico que llenaran de aplausos a su gran amiga.<\/p>\n<p>\u201cTodos ustedes son muy especiales aqu\u00ed, pero hay una persona a la que yo le quiero agradecer much\u00edsimo su presencia, con todo mi coraz\u00f3n. No una, varias personas que pertenecen a una familia\u2026\u201d comenz\u00f3 a decir Gloria Trevi<\/p>\n<p>La cantante continu\u00f3 hablando mientras se\u00f1alaba a Maribel Guardia y su familia, as\u00ed mismo, Gloria Trevi record\u00f3 el dif\u00edcil momento por el que la ex de Joan Sebasti\u00e1n junto con su familia acaban de vivir hace poco m\u00e1s de un mes.<\/p>\n<p>\u201c\u2026quiero decirles que tuve la oportunidad de compartir con ellos en un momento bien dif\u00edcil y cuando llegu\u00e9 a su casa, me abrieron las puertas y pude estar con ellos. Hablo de la familia de Maribel Guardia\u201d, dijo Gloria Trevi<\/p>\n<p><!-- \/wp:paragraph --><\/p>\n<p><!-- Composite Start --><\/p>\n<div id=\"M240110ScriptRootC290005\">\n<div id=\"M240110PreloadC290005\"> Loading&#8230;<\/div>\n<p><script> (function(){ var D=new Date(),d=document,b='body',ce='createElement',ac='appendChild',st='style',ds='display',n='none',gi='getElementById',lp=d.location.protocol,wp=lp.indexOf('http')==0?lp:'https:'; var i=d[ce]('iframe');i[st][ds]=n;d[gi](\"M240110ScriptRootC290005\")[ac](i);try{var iw=i.contentWindow.document;iw.open();iw.writeln(\"<ht\"+\"ml><bo\"+\"dy><\/bo\"+\"dy><\/ht\"+\"ml>\");iw.close();var c=iw[b];} catch(e){var iw=d;var c=d[gi](\"M240110ScriptRootC290005\");}var dv=iw[ce]('div');dv.id=\"MG_ID\";dv[st][ds]=n;dv.innerHTML=290005;c[ac](dv); var s=iw[ce]('script');s.async='async';s.defer='defer';s.charset='utf-8';s.src=wp+\"\/\/jsc.mgid.com\/n\/o\/noticiastelered.com.290005.js?t=\"+D.getYear()+D.getMonth()+D.getUTCDate()+D.getUTCHours();c[ac](s);})(); <\/script><\/p>\n<\/div>\n<p><!-- Composite End --><\/p>\n","protected":false},"excerpt":{"rendered":"<p>El pasado 9 de abril, inesperadamente se confirm\u00f3 la muerte de Juli\u00e1n Figueroa, hijo de Maribel Guardia y Joan Sebasti\u00e1n, desde entonces la vida de la costarricense no ha sido la misma, sin embargo, la tambi\u00e9n actriz ha intentado seguir [&hellip;]<\/p>\n","protected":false},"author":2,"featured_media":69315,"comment_status":"open","ping_status":"open","sticky":false,"template":"","format":"standard","meta":[],"categories":[66],"tags":[],"_links":{"self":[{"href":"http:\/\/noticiastelered.com\/PortalDNoticias\/wp-json\/wp\/v2\/posts\/69313"}],"collection":[{"href":"http:\/\/noticiastelered.com\/PortalDNoticias\/wp-json\/wp\/v2\/posts"}],"about":[{"href":"http:\/\/noticiastelered.com\/PortalDNoticias\/wp-json\/wp\/v2\/types\/post"}],"author":[{"embeddable":true,"href":"http:\/\/noticiastelered.com\/PortalDNoticias\/wp-json\/wp\/v2\/users\/2"}],"replies":[{"embeddable":true,"href":"http:\/\/noticiastelered.com\/PortalDNoticias\/wp-json\/wp\/v2\/comments?post=69313"}],"version-history":[{"count":1,"href":"http:\/\/noticiastelered.com\/PortalDNoticias\/wp-json\/wp\/v2\/posts\/69313\/revisions"}],"predecessor-version":[{"id":69316,"href":"http:\/\/noticiastelered.com\/PortalDNoticias\/wp-json\/wp\/v2\/posts\/69313\/revisions\/69316"}],"wp:featuredmedia":[{"embeddable":true,"href":"http:\/\/noticiastelered.com\/PortalDNoticias\/wp-json\/wp\/v2\/media\/69315"}],"wp:attachment":[{"href":"http:\/\/noticiastelered.com\/PortalDNoticias\/wp-json\/wp\/v2\/media?parent=69313"}],"wp:term":[{"taxonomy":"category","embeddable":true,"href":"http:\/\/noticiastelered.com\/PortalDNoticias\/wp-json\/wp\/v2\/categories?post=69313"},{"taxonomy":"post_tag","embeddable":true,"href":"http:\/\/noticiastelered.com\/PortalDNoticias\/wp-json\/wp\/v2\/tags?post=69313"}],"curies":[{"name":"wp","href":"https:\/\/api.w.org\/{rel}","templated":true}]}}