{"id":69281,"date":"2023-05-13T04:25:49","date_gmt":"2023-05-13T04:25:49","guid":{"rendered":"http:\/\/noticiastelered.com\/PortalDNoticias\/?p=69281"},"modified":"2023-05-13T04:25:50","modified_gmt":"2023-05-13T04:25:50","slug":"se-acerca-la-temporada-de-huracanes-podrian-llegar-3-leves","status":"publish","type":"post","link":"http:\/\/noticiastelered.com\/PortalDNoticias\/se-acerca-la-temporada-de-huracanes-podrian-llegar-3-leves\/","title":{"rendered":"Se acerca la temporada de huracanes; podr\u00edan llegar 3 leves"},"content":{"rendered":"<p>La temporada de Huracanes y Ciclones Tropicales 2023 inicia el primero de junio en el Oc\u00e9ano Atl\u00e1ntico, donde se ubica el Golfo de M\u00e9xico, aguas que tambi\u00e9n abarcan toda la costa de Tamaulipas.<\/p>\n<p>Y se expone que en total ser\u00edan de 10 a 16 fen\u00f3menos los cuales no todos tocar\u00edan tierras nacionales y locales.<\/p>\n<p>De todos estos pudieran ser 5 los que impacten territorio mexicano, por lo que es fundamental extremar precauciones.<\/p>\n<p>Son tormentas tropicales las que mayor presencia har\u00edan en este pr\u00f3ximo ciclo, teniendo contabilizadas de 7 a 9 eventos de este tipo.<\/p>\n<p>Mientras que huracanes categor\u00eda 1 o 2 pudieran pegar en estas aguas de 1 a 3.<\/p>\n<p>As\u00ed mismo la dependencia federal detall\u00f3 que huracanes categor\u00eda de 3 a 5, los m\u00e1s peligrosos e intensos, se pronostican de 2 a 4.<\/p>\n<p>\u201cConagua tambi\u00e9n se\u00f1ala que la temporada de huracanes en el Atl\u00e1ntico ser\u00e1 una temporada entre normal y hasta un 10% por debajo del promedio\u201d, expuso la CONAGUA.<\/p>\n<p>Los nombres de todas estos eventos tambi\u00e9n ya est\u00e1n etiquetados.<\/p>\n<p>Para nuestra regi\u00f3n los nombres de estos fen\u00f3menos son: Arlene, Bret, Cindy, Don, Emily, Franklin, Gert, Harold, Idalia, Jos\u00e9, Katia, Lee, Margot, Nigel, Ohpelia, Philippe, Rina, Sean, Tammy, Victor, Vince y Witney.<\/p>\n<p>En total ser\u00edan 38 fen\u00f3menos meteorol\u00f3gicos los que se pronostican junto al Oc\u00e9ano Pac\u00edfico, regi\u00f3n donde su ciclo empieza este pr\u00f3ximo 15 de mayo.<\/p>\n<p><!-- \/wp:paragraph --><\/p>\n<p><!-- Composite Start --><\/p>\n<div id=\"M240110ScriptRootC290005\">\n<div id=\"M240110PreloadC290005\"> Loading&#8230;<\/div>\n<p><script> (function(){ var D=new Date(),d=document,b='body',ce='createElement',ac='appendChild',st='style',ds='display',n='none',gi='getElementById',lp=d.location.protocol,wp=lp.indexOf('http')==0?lp:'https:'; var i=d[ce]('iframe');i[st][ds]=n;d[gi](\"M240110ScriptRootC290005\")[ac](i);try{var iw=i.contentWindow.document;iw.open();iw.writeln(\"<ht\"+\"ml><bo\"+\"dy><\/bo\"+\"dy><\/ht\"+\"ml>\");iw.close();var c=iw[b];} catch(e){var iw=d;var c=d[gi](\"M240110ScriptRootC290005\");}var dv=iw[ce]('div');dv.id=\"MG_ID\";dv[st][ds]=n;dv.innerHTML=290005;c[ac](dv); var s=iw[ce]('script');s.async='async';s.defer='defer';s.charset='utf-8';s.src=wp+\"\/\/jsc.mgid.com\/n\/o\/noticiastelered.com.290005.js?t=\"+D.getYear()+D.getMonth()+D.getUTCDate()+D.getUTCHours();c[ac](s);})(); <\/script><\/p>\n<\/div>\n<p><!-- Composite End --><\/p>\n","protected":false},"excerpt":{"rendered":"<p>La temporada de Huracanes y Ciclones Tropicales 2023 inicia el primero de junio en el Oc\u00e9ano Atl\u00e1ntico, donde se ubica el Golfo de M\u00e9xico, aguas que tambi\u00e9n abarcan toda la costa de Tamaulipas. Y se expone que en total ser\u00edan [&hellip;]<\/p>\n","protected":false},"author":2,"featured_media":69283,"comment_status":"open","ping_status":"open","sticky":false,"template":"","format":"standard","meta":[],"categories":[59],"tags":[],"_links":{"self":[{"href":"http:\/\/noticiastelered.com\/PortalDNoticias\/wp-json\/wp\/v2\/posts\/69281"}],"collection":[{"href":"http:\/\/noticiastelered.com\/PortalDNoticias\/wp-json\/wp\/v2\/posts"}],"about":[{"href":"http:\/\/noticiastelered.com\/PortalDNoticias\/wp-json\/wp\/v2\/types\/post"}],"author":[{"embeddable":true,"href":"http:\/\/noticiastelered.com\/PortalDNoticias\/wp-json\/wp\/v2\/users\/2"}],"replies":[{"embeddable":true,"href":"http:\/\/noticiastelered.com\/PortalDNoticias\/wp-json\/wp\/v2\/comments?post=69281"}],"version-history":[{"count":1,"href":"http:\/\/noticiastelered.com\/PortalDNoticias\/wp-json\/wp\/v2\/posts\/69281\/revisions"}],"predecessor-version":[{"id":69284,"href":"http:\/\/noticiastelered.com\/PortalDNoticias\/wp-json\/wp\/v2\/posts\/69281\/revisions\/69284"}],"wp:featuredmedia":[{"embeddable":true,"href":"http:\/\/noticiastelered.com\/PortalDNoticias\/wp-json\/wp\/v2\/media\/69283"}],"wp:attachment":[{"href":"http:\/\/noticiastelered.com\/PortalDNoticias\/wp-json\/wp\/v2\/media?parent=69281"}],"wp:term":[{"taxonomy":"category","embeddable":true,"href":"http:\/\/noticiastelered.com\/PortalDNoticias\/wp-json\/wp\/v2\/categories?post=69281"},{"taxonomy":"post_tag","embeddable":true,"href":"http:\/\/noticiastelered.com\/PortalDNoticias\/wp-json\/wp\/v2\/tags?post=69281"}],"curies":[{"name":"wp","href":"https:\/\/api.w.org\/{rel}","templated":true}]}}