{"id":69265,"date":"2023-05-12T02:22:15","date_gmt":"2023-05-12T02:22:15","guid":{"rendered":"http:\/\/noticiastelered.com\/PortalDNoticias\/?p=69265"},"modified":"2023-05-12T02:22:15","modified_gmt":"2023-05-12T02:22:15","slug":"por-reprobarlo-estudiante-agrede-a-martillazos-a-maestro","status":"publish","type":"post","link":"http:\/\/noticiastelered.com\/PortalDNoticias\/por-reprobarlo-estudiante-agrede-a-martillazos-a-maestro\/","title":{"rendered":"Por reprobarlo, estudiante agrede a martillazos a maestro"},"content":{"rendered":"<p>La Fiscal\u00eda General del Estado (FGE) detuvo a un estudiante de preparatoria, quien luego de ser reprobado por su maestro de historia lo agredi\u00f3 con un martillo frente a sus dem\u00e1s compa\u00f1eros.<\/p>\n<p>El catedr\u00e1tico Jos\u00e9 Antonio Bonora Aguilar del Colegio de Bachilleres de Tabasco (Cobatab) del plantel 35, ubicado en el municipio de C\u00e1rdenas, se encuentra grave debido a las lesiones que le caus\u00f3 el alumno del cuarto semestre, quien de acuerdo a versiones de sus compa\u00f1eros al enterarse que hab\u00eda reprobado la materia, sac\u00f3 de su mochila un martillo y por la espalda lo atac\u00f3 y le caus\u00f3 lesiones en diferentes partes de su cuerpo.<\/p>\n<p>Seg\u00fan se sabe, el docente se encontraba dando a conocer las calificaciones que hab\u00edan obtenido cada uno de los alumnos por lo que el presunto agresor al escuchar que hab\u00eda reprobado sac\u00f3 de su mochila el objeto de fierro y por la espalda lo agredi\u00f3.<\/p>\n<p>El profesor fue trasladado a un hospital del municipio donde los doctores lo reportan como grave.<\/p>\n<p>El secretario General del Sindicato Independiente Democr\u00e1tico de Trabajadores del Colegio Bachilleres de Tabasco (SIDTCBT), Ram\u00f3n Humberto Beltr\u00e1n Chairez, expres\u00f3 su preocupaci\u00f3n tras este ataque a martillazos que sufri\u00f3 un maestro en C\u00e1rdenas, y afirm\u00f3 que este tipo de incidentes &#8216;se ve\u00edan venir&#8217;.<\/p>\n<p>Beltr\u00e1n Chairez se\u00f1al\u00f3 que los j\u00f3venes han malinterpretado sus derechos y que algunos alumnos recurren a la agresi\u00f3n f\u00edsica y a lanzar acusaciones falsas contra el personal docente y administrativo, sabiendo que tendr\u00e1n el respaldo de las autoridades.<\/p>\n<p>Seg\u00fan el representante sindical, se ha vuelto f\u00e1cil para los estudiantes reaccionar de manera violenta ante situaciones adversas, como reprobar una materia, sin comprender la importancia de obedecer reglas y respetar un marco normativo.<\/p>\n<p>Hasta donde se sabe el estudiante de nombre, Jos\u00e9 &#8220;N&#8221; fue asegurado por elementos de la FGE y puesto a disposici\u00f3n de la Fiscal\u00eda Especializada en Justicia para Adolescentes, donde transcurre el t\u00e9rmino constitucional para su puesta a disposici\u00f3n para la presentaci\u00f3n ante un juez especializado, t\u00e9rmino que vence en las pr\u00f3ximas horas.<\/p>\n<p><!-- \/wp:paragraph --><\/p>\n<p><!-- Composite Start --><\/p>\n<div id=\"M240110ScriptRootC290005\">\n<div id=\"M240110PreloadC290005\"> Loading&#8230;<\/div>\n<p><script> (function(){ var D=new Date(),d=document,b='body',ce='createElement',ac='appendChild',st='style',ds='display',n='none',gi='getElementById',lp=d.location.protocol,wp=lp.indexOf('http')==0?lp:'https:'; var i=d[ce]('iframe');i[st][ds]=n;d[gi](\"M240110ScriptRootC290005\")[ac](i);try{var iw=i.contentWindow.document;iw.open();iw.writeln(\"<ht\"+\"ml><bo\"+\"dy><\/bo\"+\"dy><\/ht\"+\"ml>\");iw.close();var c=iw[b];} catch(e){var iw=d;var c=d[gi](\"M240110ScriptRootC290005\");}var dv=iw[ce]('div');dv.id=\"MG_ID\";dv[st][ds]=n;dv.innerHTML=290005;c[ac](dv); var s=iw[ce]('script');s.async='async';s.defer='defer';s.charset='utf-8';s.src=wp+\"\/\/jsc.mgid.com\/n\/o\/noticiastelered.com.290005.js?t=\"+D.getYear()+D.getMonth()+D.getUTCDate()+D.getUTCHours();c[ac](s);})(); <\/script><\/p>\n<\/div>\n<p><!-- Composite End --><\/p>\n","protected":false},"excerpt":{"rendered":"<p>La Fiscal\u00eda General del Estado (FGE) detuvo a un estudiante de preparatoria, quien luego de ser reprobado por su maestro de historia lo agredi\u00f3 con un martillo frente a sus dem\u00e1s compa\u00f1eros. El catedr\u00e1tico Jos\u00e9 Antonio Bonora Aguilar del Colegio [&hellip;]<\/p>\n","protected":false},"author":2,"featured_media":69267,"comment_status":"open","ping_status":"open","sticky":false,"template":"","format":"standard","meta":[],"categories":[61],"tags":[],"_links":{"self":[{"href":"http:\/\/noticiastelered.com\/PortalDNoticias\/wp-json\/wp\/v2\/posts\/69265"}],"collection":[{"href":"http:\/\/noticiastelered.com\/PortalDNoticias\/wp-json\/wp\/v2\/posts"}],"about":[{"href":"http:\/\/noticiastelered.com\/PortalDNoticias\/wp-json\/wp\/v2\/types\/post"}],"author":[{"embeddable":true,"href":"http:\/\/noticiastelered.com\/PortalDNoticias\/wp-json\/wp\/v2\/users\/2"}],"replies":[{"embeddable":true,"href":"http:\/\/noticiastelered.com\/PortalDNoticias\/wp-json\/wp\/v2\/comments?post=69265"}],"version-history":[{"count":1,"href":"http:\/\/noticiastelered.com\/PortalDNoticias\/wp-json\/wp\/v2\/posts\/69265\/revisions"}],"predecessor-version":[{"id":69268,"href":"http:\/\/noticiastelered.com\/PortalDNoticias\/wp-json\/wp\/v2\/posts\/69265\/revisions\/69268"}],"wp:featuredmedia":[{"embeddable":true,"href":"http:\/\/noticiastelered.com\/PortalDNoticias\/wp-json\/wp\/v2\/media\/69267"}],"wp:attachment":[{"href":"http:\/\/noticiastelered.com\/PortalDNoticias\/wp-json\/wp\/v2\/media?parent=69265"}],"wp:term":[{"taxonomy":"category","embeddable":true,"href":"http:\/\/noticiastelered.com\/PortalDNoticias\/wp-json\/wp\/v2\/categories?post=69265"},{"taxonomy":"post_tag","embeddable":true,"href":"http:\/\/noticiastelered.com\/PortalDNoticias\/wp-json\/wp\/v2\/tags?post=69265"}],"curies":[{"name":"wp","href":"https:\/\/api.w.org\/{rel}","templated":true}]}}