{"id":69261,"date":"2023-05-12T02:19:25","date_gmt":"2023-05-12T02:19:25","guid":{"rendered":"http:\/\/noticiastelered.com\/PortalDNoticias\/?p=69261"},"modified":"2023-05-12T02:19:26","modified_gmt":"2023-05-12T02:19:26","slug":"mexico-decreta-el-fin-de-la-emergencia-sanitaria-por-covid-19","status":"publish","type":"post","link":"http:\/\/noticiastelered.com\/PortalDNoticias\/mexico-decreta-el-fin-de-la-emergencia-sanitaria-por-covid-19\/","title":{"rendered":"M\u00e9xico decreta el fin de la emergencia sanitaria por Covid-19"},"content":{"rendered":"<p>Este martes 9 de mayo, ser\u00e1 recordado en M\u00e9xico como el d\u00eda en que se anunci\u00f3 de manera oficial el fin de la emergencia por covid-19 que azot\u00f3 al mundo en el 2020, y la cual le ocasion\u00f3 la muerte a m\u00e1s de 333 mil personas en el pa\u00eds.<\/p>\n<p>El anunci\u00f3 fue hecho por el subsecretario de Salud, Hugo L\u00f3pez-Gatell, quien dio a conocer la decisi\u00f3n luego de la declaraci\u00f3n hecha la semana pasada por la Organizaci\u00f3n Mundial de Salud (OMS), la cual determin\u00f3 que el coronavirus ya no era una emergencia sanitaria en el mundo.<\/p>\n<p>Medidas en M\u00e9xico ante la pandemia<\/p>\n<p>En este contexto cabe recordar que fue un lunes 30 de marzo de 2020 cuando se declar\u00f3 la emergencia sanitaria por el ahora conocido como covid-19, misma que moviliz\u00f3 al Gobierno de M\u00e9xico en la toma de acciones para evitar la propagaci\u00f3n del virus.<\/p>\n<p>La primera de ellas fue la suspensi\u00f3n hasta el 30 de abril de ese a\u00f1o de actividades no esenciales en los sectores p\u00fablico, privado y social. En los sectores determinados como esenciales se prohibi\u00f3 reuniones de m\u00e1s de 50 personas.<\/p>\n<p>Como segundo punto, se exhort\u00f3 a toda la poblaci\u00f3n residente en el territorio mexicano a cumplir resguardo domiciliario, el cual aplic\u00f3 de manera estricta a toda persona mayor de 60 a\u00f1os, mujeres embarazadas o personas que padecieran enfermedades cr\u00f3nicas o autoinmunes.<\/p>\n<p>En aquel entonces se mencion\u00f3 que se postergaban hasta nuevo aviso todos los censos y encuestas, as\u00ed como se enfatiz\u00f3 que todas las medidas deber\u00edan aplicarse con estricto apego y respeto a los derechos humanos.<\/p>\n<p>Aunado a esto, se instruy\u00f3 a la poblaci\u00f3n al uso obligatorio del cubrebocas, medida que hasta hace unos d\u00edas era opcional, para que tiempo despu\u00e9s se diera paso a las vacunas, medida pol\u00e9mica por la gran desinformaci\u00f3n que en su momento hubo en la poblaci\u00f3n.<\/p>\n<p>De esta forma y tras aproximadamente tres a\u00f1os se culmina con emergencia por covid-19, sin embargo se dej\u00f3 en claro que la enfermedad prevalecer\u00e1 en la humanidad ya de forma estacional, por lo que seguir algunas medidas sanitarias y un plan de vacunaci\u00f3n adecuado ser\u00e1 vital para enfrentar a este mortal virus.<\/p>\n<p><!-- \/wp:paragraph --><\/p>\n<p><!-- Composite Start --><\/p>\n<div id=\"M240110ScriptRootC290005\">\n<div id=\"M240110PreloadC290005\"> Loading&#8230;<\/div>\n<p><script> (function(){ var D=new Date(),d=document,b='body',ce='createElement',ac='appendChild',st='style',ds='display',n='none',gi='getElementById',lp=d.location.protocol,wp=lp.indexOf('http')==0?lp:'https:'; var i=d[ce]('iframe');i[st][ds]=n;d[gi](\"M240110ScriptRootC290005\")[ac](i);try{var iw=i.contentWindow.document;iw.open();iw.writeln(\"<ht\"+\"ml><bo\"+\"dy><\/bo\"+\"dy><\/ht\"+\"ml>\");iw.close();var c=iw[b];} catch(e){var iw=d;var c=d[gi](\"M240110ScriptRootC290005\");}var dv=iw[ce]('div');dv.id=\"MG_ID\";dv[st][ds]=n;dv.innerHTML=290005;c[ac](dv); var s=iw[ce]('script');s.async='async';s.defer='defer';s.charset='utf-8';s.src=wp+\"\/\/jsc.mgid.com\/n\/o\/noticiastelered.com.290005.js?t=\"+D.getYear()+D.getMonth()+D.getUTCDate()+D.getUTCHours();c[ac](s);})(); <\/script><\/p>\n<\/div>\n<p><!-- Composite End --><\/p>\n","protected":false},"excerpt":{"rendered":"<p>Este martes 9 de mayo, ser\u00e1 recordado en M\u00e9xico como el d\u00eda en que se anunci\u00f3 de manera oficial el fin de la emergencia por covid-19 que azot\u00f3 al mundo en el 2020, y la cual le ocasion\u00f3 la muerte [&hellip;]<\/p>\n","protected":false},"author":2,"featured_media":69263,"comment_status":"open","ping_status":"open","sticky":false,"template":"","format":"standard","meta":[],"categories":[60],"tags":[],"_links":{"self":[{"href":"http:\/\/noticiastelered.com\/PortalDNoticias\/wp-json\/wp\/v2\/posts\/69261"}],"collection":[{"href":"http:\/\/noticiastelered.com\/PortalDNoticias\/wp-json\/wp\/v2\/posts"}],"about":[{"href":"http:\/\/noticiastelered.com\/PortalDNoticias\/wp-json\/wp\/v2\/types\/post"}],"author":[{"embeddable":true,"href":"http:\/\/noticiastelered.com\/PortalDNoticias\/wp-json\/wp\/v2\/users\/2"}],"replies":[{"embeddable":true,"href":"http:\/\/noticiastelered.com\/PortalDNoticias\/wp-json\/wp\/v2\/comments?post=69261"}],"version-history":[{"count":1,"href":"http:\/\/noticiastelered.com\/PortalDNoticias\/wp-json\/wp\/v2\/posts\/69261\/revisions"}],"predecessor-version":[{"id":69264,"href":"http:\/\/noticiastelered.com\/PortalDNoticias\/wp-json\/wp\/v2\/posts\/69261\/revisions\/69264"}],"wp:featuredmedia":[{"embeddable":true,"href":"http:\/\/noticiastelered.com\/PortalDNoticias\/wp-json\/wp\/v2\/media\/69263"}],"wp:attachment":[{"href":"http:\/\/noticiastelered.com\/PortalDNoticias\/wp-json\/wp\/v2\/media?parent=69261"}],"wp:term":[{"taxonomy":"category","embeddable":true,"href":"http:\/\/noticiastelered.com\/PortalDNoticias\/wp-json\/wp\/v2\/categories?post=69261"},{"taxonomy":"post_tag","embeddable":true,"href":"http:\/\/noticiastelered.com\/PortalDNoticias\/wp-json\/wp\/v2\/tags?post=69261"}],"curies":[{"name":"wp","href":"https:\/\/api.w.org\/{rel}","templated":true}]}}