{"id":68980,"date":"2023-05-05T19:16:20","date_gmt":"2023-05-05T19:16:20","guid":{"rendered":"http:\/\/noticiastelered.com\/PortalDNoticias\/?p=68980"},"modified":"2023-05-05T19:16:21","modified_gmt":"2023-05-05T19:16:21","slug":"mhoni-vidente-hace-alarmante-prediccion-sobre-el-rey-carlos-iii","status":"publish","type":"post","link":"http:\/\/noticiastelered.com\/PortalDNoticias\/mhoni-vidente-hace-alarmante-prediccion-sobre-el-rey-carlos-iii\/","title":{"rendered":"Mhoni Vidente hace alarmante predicci\u00f3n sobre el rey Carlos III"},"content":{"rendered":"<p>El pr\u00f3ximo s\u00e1bado 6 de mayo se realizar\u00e1 la ceremonia para la coronaci\u00f3n del rey Carlos III y su esposa, Camila Parker, todo en medio de los esc\u00e1ndalos que enfrenta la familia real y la tensi\u00f3n que rodea el Palacio de Buckingham tras la explosi\u00f3n de este martes. Algo que se suma a la baja popularidad del monarca que ha puesto en duda la imagen de la corona y que en unos a\u00f1os lo llevar\u00eda a tomar una dr\u00e1stica decisi\u00f3n motivado por su salud mental, as\u00ed lo predijo Mhoni Vidente que detall\u00f3 el tiempo que estar\u00eda en el trono.<\/p>\n<p>Desde la muerte de la reina Isabel II en septiembre del a\u00f1o pasado Carlos III tom\u00f3 su lugar con los deberes reales, sin embargo, ha realizado cambios con la intenci\u00f3n de \u201cmodernizar\u201d la corona tras 70 a\u00f1os en los que su madre estuvo en el trono. Aunque las decisiones tomadas no han sido del agrado de la poblaci\u00f3n y algunos integrantes de la familia real que ya se encuentran en el ojo del hurac\u00e1n por sus pol\u00e9micas declaraciones.<\/p>\n<p>Coronaci\u00f3n de Carlos III y Camila Parker ser\u00e1 el s\u00e1bado 6 de mayo.<\/p>\n<p>Ser\u00eda la presi\u00f3n que pesa desde ahora sobre Carlos III lo que afectar\u00eda su salud mental en algunos a\u00f1os y lo llevar\u00eda a tomar una dr\u00e1stica decisi\u00f3n sobre su lugar en la monarqu\u00eda, as\u00ed lo se\u00f1al\u00f3 Mhoni Vidente en su predicci\u00f3n en la que tambi\u00e9n mencion\u00f3 que el rey permanecer\u00eda en el trono entre siete u ocho a\u00f1os antes de retirarse.<\/p>\n<p>\u201cLa carta del mago dice que queda loco, queda con problemas mentales o psiqui\u00e1tricos en el reinado\u201d, mencion\u00f3 la pitonisa durante su participaci\u00f3n en \u201cReporte H\u201d de El Heraldo de M\u00e9xico. Adem\u00e1s, indic\u00f3 que aunque William es el siguiente en la l\u00ednea de sucesi\u00f3n Carlos III podr\u00eda elegir a Harry como el miembro de la familia real que tome su lugar ante su ausencia.<\/p>\n<p>\u00bfDivorcio en la familia real?<\/p>\n<p>Los duques de Sussex se mudaron a California tras renunciar temporalmente a sus privilegios y obligaciones reales con el objetivo de trabajar para volverse financieramente independientes; sin embargo, las declaraciones que hicieron en entrevista con Oprah Winfrey puso a la corona en el ojo del hurac\u00e1n al ser se\u00f1alados por Meghan Markle de racismo.<\/p>\n<p>Este ser\u00eda el motivo por el que la exactriz de Hollywood no habr\u00eda sido invitada a la coronaci\u00f3n de Carlos III, adem\u00e1s de que mantiene una firme distancia con los miembros de la familia real a quienes tambi\u00e9n mencion\u00f3 en sus declaraciones, como su cu\u00f1ada, la princesa consorte de Gales Kate Middleton.<\/p>\n<p>Todo indica que la pol\u00e9mica y constantes conflictos con la familia real brit\u00e1nica desgastar\u00eda el matrimonio de Meghan Markle y el pr\u00edncipe Harry, pues Mhoni Vidente se\u00f1al\u00f3 en su predicci\u00f3n que ser\u00eda elegido para ascender al trono ante un divorcio con la madre de sus hijos para casarse con alguien de la realeza.<\/p>\n<p><!-- \/wp:paragraph --><\/p>\n<p><!-- Composite Start --><\/p>\n<div id=\"M240110ScriptRootC290005\">\n<div id=\"M240110PreloadC290005\"> Loading&#8230;<\/div>\n<p><script> (function(){ var D=new Date(),d=document,b='body',ce='createElement',ac='appendChild',st='style',ds='display',n='none',gi='getElementById',lp=d.location.protocol,wp=lp.indexOf('http')==0?lp:'https:'; var i=d[ce]('iframe');i[st][ds]=n;d[gi](\"M240110ScriptRootC290005\")[ac](i);try{var iw=i.contentWindow.document;iw.open();iw.writeln(\"<ht\"+\"ml><bo\"+\"dy><\/bo\"+\"dy><\/ht\"+\"ml>\");iw.close();var c=iw[b];} catch(e){var iw=d;var c=d[gi](\"M240110ScriptRootC290005\");}var dv=iw[ce]('div');dv.id=\"MG_ID\";dv[st][ds]=n;dv.innerHTML=290005;c[ac](dv); var s=iw[ce]('script');s.async='async';s.defer='defer';s.charset='utf-8';s.src=wp+\"\/\/jsc.mgid.com\/n\/o\/noticiastelered.com.290005.js?t=\"+D.getYear()+D.getMonth()+D.getUTCDate()+D.getUTCHours();c[ac](s);})(); <\/script><\/p>\n<\/div>\n<p><!-- Composite End --><\/p>\n","protected":false},"excerpt":{"rendered":"<p>El pr\u00f3ximo s\u00e1bado 6 de mayo se realizar\u00e1 la ceremonia para la coronaci\u00f3n del rey Carlos III y su esposa, Camila Parker, todo en medio de los esc\u00e1ndalos que enfrenta la familia real y la tensi\u00f3n que rodea el Palacio [&hellip;]<\/p>\n","protected":false},"author":2,"featured_media":68982,"comment_status":"open","ping_status":"open","sticky":false,"template":"","format":"standard","meta":[],"categories":[61],"tags":[],"_links":{"self":[{"href":"http:\/\/noticiastelered.com\/PortalDNoticias\/wp-json\/wp\/v2\/posts\/68980"}],"collection":[{"href":"http:\/\/noticiastelered.com\/PortalDNoticias\/wp-json\/wp\/v2\/posts"}],"about":[{"href":"http:\/\/noticiastelered.com\/PortalDNoticias\/wp-json\/wp\/v2\/types\/post"}],"author":[{"embeddable":true,"href":"http:\/\/noticiastelered.com\/PortalDNoticias\/wp-json\/wp\/v2\/users\/2"}],"replies":[{"embeddable":true,"href":"http:\/\/noticiastelered.com\/PortalDNoticias\/wp-json\/wp\/v2\/comments?post=68980"}],"version-history":[{"count":1,"href":"http:\/\/noticiastelered.com\/PortalDNoticias\/wp-json\/wp\/v2\/posts\/68980\/revisions"}],"predecessor-version":[{"id":68983,"href":"http:\/\/noticiastelered.com\/PortalDNoticias\/wp-json\/wp\/v2\/posts\/68980\/revisions\/68983"}],"wp:featuredmedia":[{"embeddable":true,"href":"http:\/\/noticiastelered.com\/PortalDNoticias\/wp-json\/wp\/v2\/media\/68982"}],"wp:attachment":[{"href":"http:\/\/noticiastelered.com\/PortalDNoticias\/wp-json\/wp\/v2\/media?parent=68980"}],"wp:term":[{"taxonomy":"category","embeddable":true,"href":"http:\/\/noticiastelered.com\/PortalDNoticias\/wp-json\/wp\/v2\/categories?post=68980"},{"taxonomy":"post_tag","embeddable":true,"href":"http:\/\/noticiastelered.com\/PortalDNoticias\/wp-json\/wp\/v2\/tags?post=68980"}],"curies":[{"name":"wp","href":"https:\/\/api.w.org\/{rel}","templated":true}]}}