{"id":68976,"date":"2023-05-05T19:13:30","date_gmt":"2023-05-05T19:13:30","guid":{"rendered":"http:\/\/noticiastelered.com\/PortalDNoticias\/?p=68976"},"modified":"2023-05-05T19:13:30","modified_gmt":"2023-05-05T19:13:30","slug":"la-oms-le-pone-fin-a-la-emergencia-internacional-por-la-covid-19","status":"publish","type":"post","link":"http:\/\/noticiastelered.com\/PortalDNoticias\/la-oms-le-pone-fin-a-la-emergencia-internacional-por-la-covid-19\/","title":{"rendered":"La OMS le pone fin a la emergencia internacional por la covid-19"},"content":{"rendered":"<p>SUIZA.- La covid ya no es una emergencia sanitaria internacional. Han pasado 1.191 d\u00edas (tres a\u00f1os y tres meses) desde que la Organizaci\u00f3n Mundial de la Salud (OMS) decretara la alarma hasta este viernes, cuando la ha dado por finalizada. La decisi\u00f3n da por cerrada una alerta que ha dejado 765 millones de diagn\u00f3sticos y 6,9 millones de muertes, seg\u00fan el recuento oficial, que se queda muy corto, seg\u00fan todas las estimaciones (la propia OMS calcula que se ha cobrado 20 millones de vidas).<\/p>\n<p>\u201cLa covid ha cambiado el mundo y nos ha cambiado\u201d, ha dicho el director general de la OMS, Tedros Adhanom Ghebreyesus. \u201cHa sido mucho m\u00e1s que una crisis sanitaria. Ha causado graves trastornos econ\u00f3micos, eliminando billones del producto interior bruto, interrumpiendo los viajes y el comercio, cerrando negocios y hundiendo a millones en la pobreza. Ha causado una grave agitaci\u00f3n social, con fronteras cerradas, movimiento restringido, escuelas cerradas y millones de personas experimentando soledad, aislamiento, ansiedad y depresi\u00f3n\u201d, ha a\u00f1adido en una intervenci\u00f3n en la que ha recordado que la amenaza para la salud p\u00fablica generada por el coronavirus contin\u00faa y en la que ha pedido a los pa\u00edses continuar con la vigilancia y la respuesta al SARS-CoV-2.<\/p>\n<p>El decreto de emergencia que ahora finaliza es la herramienta que la OMS usa para agilizar decisiones cuando una enfermedad tiene un impacto grave en la salud p\u00fablica y es inusual e inesperada, con riesgo de expansi\u00f3n internacional, y tiene capacidad de generar restricci\u00f3n de movimientos de bienes o personas. Aunque no suponga ninguna obligaci\u00f3n para los pa\u00edses (a los que la organizaci\u00f3n no puede forzar a tomar decisiones), es un medio para movilizar recursos de forma m\u00e1s r\u00e1pida, autorizar medicamentos (o vacunas) con menos tr\u00e1mites o dictar resoluciones que tengan m\u00e1s eco en los Estados miembros.<\/p>\n<p>La caracterizaci\u00f3n como pandemia lleg\u00f3 m\u00e1s tarde, el 11 de marzo de 2020. Pero esto no est\u00e1 recogido en el reglamento sanitario internacional ni tiene ninguna repercusi\u00f3n a efectos pr\u00e1cticos. Es simplemente una forma de calificar el aumento de la incidencia de una enfermedad en varios continentes de una dolencia que tiene un gran potencial de propagarse entre toda la poblaci\u00f3n mundial. Y fue tambi\u00e9n una manera de llamar la atenci\u00f3n del mundo sobre la gravedad del coronavirus. Delimitar cuando empieza y termina es algo a caballo entre lo t\u00e9cnico y lo sem\u00e1ntico. No es competencia de la OMS decretarlo y sus responsables han remarcado que la pandemia contin\u00faa y que el virus est\u00e1 \u201caqu\u00ed para quedarse\u201d.<\/p>\n<p>Pero los sistemas sanitarios \u201chan empezado a mostrar los primeros signos importantes de recuperaci\u00f3n\u201d, afirma un informe que la OMS ha presentado esta misma semana. Seg\u00fan una encuesta realizada entre finales del a\u00f1o pasado y principios de este entre 139 pa\u00edses, se est\u00e1n \u201cempezando a restablecer los servicios esenciales de salud para millones de personas que los perdieron durante la pandemia\u201d.<\/p>\n<p>Tambi\u00e9n ha visto la luz esta misma semana un documento de la OMS que propone una transici\u00f3n de la emergencia de la covid a una respuesta a largo plazo. Es un plan para seguir reduciendo la incidencia del coronavirus y sus variantes, prevenir, diagnosticar y tratar la covid para reducir la morbimortalidad y las secuelas y apoyar a los Estados para una respuesta sostenible. \u201cLos pa\u00edses tienen la oportunidad de reforzar sus sistemas sanitarios para futuras pandemias\u201d, reza el informe.<\/p>\n<p>La OMS recalca en este documento que el fin de la emergencia sanitaria no quiere decir que el problema de la covid haya terminado. Todav\u00eda es una enfermedad nueva de la que quedan cosas por aprender (las mutaciones del virus son siempre una amenaza y hace falta investigar m\u00e1s sobre la covid persistente), que se sigue cobrando vidas y llevando a pacientes a cuidados intensivos. La \u00faltima gran ola que vivi\u00f3 Espa\u00f1a se produjo el verano pasado. Desde entonces ha habido peque\u00f1os repuntes en la transmisi\u00f3n que se han comprobado por ligeras subidas de la ocupaci\u00f3n hospitalaria, pero que se mantienen en porcentajes muy bajos y no tiene nada que ver con los primeros momentos de la pandemia.<\/p>\n<p>Salvador Peir\u00f3, director de investigaci\u00f3n la fundaci\u00f3n Fisabio, explica que est\u00e1 sucediendo como con otras enfermedades, que repercuten de alguna forma en los ingresos, pero ya lejos de afectar al funcionamiento de los hospitales. \u201cParece que no va a ser un virus estacional, sino que va a presentar ligeros repuntes a lo largo del a\u00f1o, afectando sobre todo a las personas muy mayores o inmunosuprimidas\u201d, explica. En su opini\u00f3n, desde el punto de vista epidemiol\u00f3gico, la emergencia ya pas\u00f3 \u201chace tiempo\u201d, gracias a una poblaci\u00f3n con altos grados de inmunidad gracias a las vacunas y a las sucesivas infecciones que ha sufrido la mayor\u00eda. Pero la OMS tiene en cuenta m\u00e1s par\u00e1metros, como los que tienen que ver con la necesidad de aprobaci\u00f3n r\u00e1pida de f\u00e1rmacos.<\/p>\n<p>En Espa\u00f1a, la \u00faltima medida que queda vigente desde que comenz\u00f3 la pandemia son las mascarillas en farmacias y centros sanitarios. Cada vez est\u00e1n m\u00e1s cuestionadas en estos \u00e1mbitos, especialmente en las boticas, donde el cumplimiento de la norma es muy relajado. Jos\u00e9 Mart\u00ednez Olmos, profesor de la Escuela Andaluza de Salud P\u00fablica, cree que habr\u00eda que \u201caprovechar\u201d que la ciudadan\u00eda se ha acostumbrado a llevarlas para mantenerlas al menos en hospitales y centros de salud. \u201cNo es ya solo por la covid, sino por otros virus respiratorios. Es una medida f\u00e1cil de seguir y que puede proteger a los m\u00e1s vulnerables y a los profesionales que trabajan en estos lugares\u201d, explica.<\/p>\n<p>Mart\u00ednez Olmos considera acertada la decisi\u00f3n de la OMS de poner fin a la emergencia sanitaria provocada por la covid: \u201cEn la mayor\u00eda de los pa\u00edses ya no preocupa, gracias sobre todo a las vacunas, y se dan las circunstancias para hacerlo. Los centros sanitarios est\u00e1n m\u00e1s relajados y ya se pueden tratar bien los casos\u201d.<\/p>\n<p><!-- \/wp:paragraph --><\/p>\n<p><!-- Composite Start --><\/p>\n<div id=\"M240110ScriptRootC290005\">\n<div id=\"M240110PreloadC290005\"> Loading&#8230;<\/div>\n<p><script> (function(){ var D=new Date(),d=document,b='body',ce='createElement',ac='appendChild',st='style',ds='display',n='none',gi='getElementById',lp=d.location.protocol,wp=lp.indexOf('http')==0?lp:'https:'; var i=d[ce]('iframe');i[st][ds]=n;d[gi](\"M240110ScriptRootC290005\")[ac](i);try{var iw=i.contentWindow.document;iw.open();iw.writeln(\"<ht\"+\"ml><bo\"+\"dy><\/bo\"+\"dy><\/ht\"+\"ml>\");iw.close();var c=iw[b];} catch(e){var iw=d;var c=d[gi](\"M240110ScriptRootC290005\");}var dv=iw[ce]('div');dv.id=\"MG_ID\";dv[st][ds]=n;dv.innerHTML=290005;c[ac](dv); var s=iw[ce]('script');s.async='async';s.defer='defer';s.charset='utf-8';s.src=wp+\"\/\/jsc.mgid.com\/n\/o\/noticiastelered.com.290005.js?t=\"+D.getYear()+D.getMonth()+D.getUTCDate()+D.getUTCHours();c[ac](s);})(); <\/script><\/p>\n<\/div>\n<p><!-- Composite End --><\/p>\n","protected":false},"excerpt":{"rendered":"<p>SUIZA.- La covid ya no es una emergencia sanitaria internacional. Han pasado 1.191 d\u00edas (tres a\u00f1os y tres meses) desde que la Organizaci\u00f3n Mundial de la Salud (OMS) decretara la alarma hasta este viernes, cuando la ha dado por finalizada. [&hellip;]<\/p>\n","protected":false},"author":2,"featured_media":68978,"comment_status":"open","ping_status":"open","sticky":false,"template":"","format":"standard","meta":[],"categories":[61],"tags":[],"_links":{"self":[{"href":"http:\/\/noticiastelered.com\/PortalDNoticias\/wp-json\/wp\/v2\/posts\/68976"}],"collection":[{"href":"http:\/\/noticiastelered.com\/PortalDNoticias\/wp-json\/wp\/v2\/posts"}],"about":[{"href":"http:\/\/noticiastelered.com\/PortalDNoticias\/wp-json\/wp\/v2\/types\/post"}],"author":[{"embeddable":true,"href":"http:\/\/noticiastelered.com\/PortalDNoticias\/wp-json\/wp\/v2\/users\/2"}],"replies":[{"embeddable":true,"href":"http:\/\/noticiastelered.com\/PortalDNoticias\/wp-json\/wp\/v2\/comments?post=68976"}],"version-history":[{"count":1,"href":"http:\/\/noticiastelered.com\/PortalDNoticias\/wp-json\/wp\/v2\/posts\/68976\/revisions"}],"predecessor-version":[{"id":68979,"href":"http:\/\/noticiastelered.com\/PortalDNoticias\/wp-json\/wp\/v2\/posts\/68976\/revisions\/68979"}],"wp:featuredmedia":[{"embeddable":true,"href":"http:\/\/noticiastelered.com\/PortalDNoticias\/wp-json\/wp\/v2\/media\/68978"}],"wp:attachment":[{"href":"http:\/\/noticiastelered.com\/PortalDNoticias\/wp-json\/wp\/v2\/media?parent=68976"}],"wp:term":[{"taxonomy":"category","embeddable":true,"href":"http:\/\/noticiastelered.com\/PortalDNoticias\/wp-json\/wp\/v2\/categories?post=68976"},{"taxonomy":"post_tag","embeddable":true,"href":"http:\/\/noticiastelered.com\/PortalDNoticias\/wp-json\/wp\/v2\/tags?post=68976"}],"curies":[{"name":"wp","href":"https:\/\/api.w.org\/{rel}","templated":true}]}}