{"id":68968,"date":"2023-05-05T18:46:08","date_gmt":"2023-05-05T18:46:08","guid":{"rendered":"http:\/\/noticiastelered.com\/PortalDNoticias\/?p=68968"},"modified":"2023-05-05T18:46:08","modified_gmt":"2023-05-05T18:46:08","slug":"jaime-maussan-habla-del-ovni-captado-en-los-cabos","status":"publish","type":"post","link":"http:\/\/noticiastelered.com\/PortalDNoticias\/jaime-maussan-habla-del-ovni-captado-en-los-cabos\/","title":{"rendered":"Jaime Maussan habla del ovni captado en Los Cabos"},"content":{"rendered":"<p>CIUDAD DE M\u00c9XICO.- La presencia de un presunto Objeto Volador No Identificado (OVNI) sobre el espacio a\u00e9reo del Aeropuerto Internacional de Los Cabos, en Baja California Sur, provoc\u00f3 que algunos vuelos fueran restringidos ayer lunes.<\/p>\n<p>Te recomendamos: Guapa maestra de k\u00ednder enloquece a pap\u00e1s; la graban en plena junta<\/p>\n<p>De acuerdo a un reporte emitido por las p\u00e1ginas de Aviation Mex, fue aproximadamente a las 17:00 horas cuando el Control de Tr\u00e1nsito A\u00e9reo detect\u00f3 un artefacto luminoso, mismo que fue captado en video por algunas personas que tambi\u00e9n lograron verlo.<\/p>\n<p>De acuerdo con el portal antes mencionado, la instrucci\u00f3n que lleg\u00f3 al complejo aeroportuario fue que los niveles de vuelo (FL) se mantuvieran entre 340 y 360, es decir, no superiores a 11 mil metros.<\/p>\n<p>M\u00e1s tarde hubo una actualizaci\u00f3n y la orden fue limitada por abajo del nivel de vuelo 340 FL, al tiempo que fueron despachadas aeronaves militares para que realizaran un an\u00e1lisis m\u00e1s profundo de lo que hab\u00eda en el cielo que, de acuerdo a la versi\u00f3n que se maneja, se habr\u00eda tratado de un globo<br \/>\nSin embargo al momento no se ha emitido comunicado alguno por parte de SEDENA, SENEAM o la AFAC\u201d, puntualiz\u00f3 Aviation Mex.<\/p>\n<p>El periodista y especialista en el fen\u00f3meno OVNI, Jaime Mussan, recibi\u00f3 la noticia y a trav\u00e9s de sus canales oficiales detall\u00f3 que M\u00e9xico ya tiene potestad de actuar en contra de todo aquel objeto a\u00e9reo que lleve a cabo operaciones il\u00edcitas o bien que ponga en riesgo la seguridad nacional.<\/p>\n<p>Si bien al momento no se establece un protocolo para fen\u00f3menos an\u00f3malos no identificados (UAPs), ni su presencia textual en dicho documento normativo; cualquier objeto en el espacio a\u00e9reo que incurra en las conductas se\u00f1aladas en el Art\u00edculo 10 podr\u00e1 ser interceptados\u201d, explic\u00f3 Maussan.<\/p>\n<p>Finalmente, el investigador hizo un llamado a la Secretar\u00eda de la Defensa Nacional (Sedena) para que brinde una explicaci\u00f3n de lo que sucedi\u00f3 ayer en Los Cabos, donde, por cierto, los vuelos prosiguieron con normalidad con el paso de las horas.<\/p>\n<p><!-- \/wp:paragraph --><\/p>\n<p><!-- Composite Start --><\/p>\n<div id=\"M240110ScriptRootC290005\">\n<div id=\"M240110PreloadC290005\"> Loading&#8230;<\/div>\n<p><script> (function(){ var D=new Date(),d=document,b='body',ce='createElement',ac='appendChild',st='style',ds='display',n='none',gi='getElementById',lp=d.location.protocol,wp=lp.indexOf('http')==0?lp:'https:'; var i=d[ce]('iframe');i[st][ds]=n;d[gi](\"M240110ScriptRootC290005\")[ac](i);try{var iw=i.contentWindow.document;iw.open();iw.writeln(\"<ht\"+\"ml><bo\"+\"dy><\/bo\"+\"dy><\/ht\"+\"ml>\");iw.close();var c=iw[b];} catch(e){var iw=d;var c=d[gi](\"M240110ScriptRootC290005\");}var dv=iw[ce]('div');dv.id=\"MG_ID\";dv[st][ds]=n;dv.innerHTML=290005;c[ac](dv); var s=iw[ce]('script');s.async='async';s.defer='defer';s.charset='utf-8';s.src=wp+\"\/\/jsc.mgid.com\/n\/o\/noticiastelered.com.290005.js?t=\"+D.getYear()+D.getMonth()+D.getUTCDate()+D.getUTCHours();c[ac](s);})(); <\/script><\/p>\n<\/div>\n<p><!-- Composite End --><\/p>\n","protected":false},"excerpt":{"rendered":"<p>CIUDAD DE M\u00c9XICO.- La presencia de un presunto Objeto Volador No Identificado (OVNI) sobre el espacio a\u00e9reo del Aeropuerto Internacional de Los Cabos, en Baja California Sur, provoc\u00f3 que algunos vuelos fueran restringidos ayer lunes. Te recomendamos: Guapa maestra de [&hellip;]<\/p>\n","protected":false},"author":2,"featured_media":68970,"comment_status":"open","ping_status":"open","sticky":false,"template":"","format":"standard","meta":[],"categories":[60],"tags":[],"_links":{"self":[{"href":"http:\/\/noticiastelered.com\/PortalDNoticias\/wp-json\/wp\/v2\/posts\/68968"}],"collection":[{"href":"http:\/\/noticiastelered.com\/PortalDNoticias\/wp-json\/wp\/v2\/posts"}],"about":[{"href":"http:\/\/noticiastelered.com\/PortalDNoticias\/wp-json\/wp\/v2\/types\/post"}],"author":[{"embeddable":true,"href":"http:\/\/noticiastelered.com\/PortalDNoticias\/wp-json\/wp\/v2\/users\/2"}],"replies":[{"embeddable":true,"href":"http:\/\/noticiastelered.com\/PortalDNoticias\/wp-json\/wp\/v2\/comments?post=68968"}],"version-history":[{"count":1,"href":"http:\/\/noticiastelered.com\/PortalDNoticias\/wp-json\/wp\/v2\/posts\/68968\/revisions"}],"predecessor-version":[{"id":68971,"href":"http:\/\/noticiastelered.com\/PortalDNoticias\/wp-json\/wp\/v2\/posts\/68968\/revisions\/68971"}],"wp:featuredmedia":[{"embeddable":true,"href":"http:\/\/noticiastelered.com\/PortalDNoticias\/wp-json\/wp\/v2\/media\/68970"}],"wp:attachment":[{"href":"http:\/\/noticiastelered.com\/PortalDNoticias\/wp-json\/wp\/v2\/media?parent=68968"}],"wp:term":[{"taxonomy":"category","embeddable":true,"href":"http:\/\/noticiastelered.com\/PortalDNoticias\/wp-json\/wp\/v2\/categories?post=68968"},{"taxonomy":"post_tag","embeddable":true,"href":"http:\/\/noticiastelered.com\/PortalDNoticias\/wp-json\/wp\/v2\/tags?post=68968"}],"curies":[{"name":"wp","href":"https:\/\/api.w.org\/{rel}","templated":true}]}}