{"id":68884,"date":"2023-05-03T20:10:49","date_gmt":"2023-05-03T20:10:49","guid":{"rendered":"http:\/\/noticiastelered.com\/PortalDNoticias\/?p=68884"},"modified":"2023-05-03T20:10:53","modified_gmt":"2023-05-03T20:10:53","slug":"gladiador-2-ya-tiene-algunos-actores-confirmados","status":"publish","type":"post","link":"http:\/\/noticiastelered.com\/PortalDNoticias\/gladiador-2-ya-tiene-algunos-actores-confirmados\/","title":{"rendered":"Gladiador 2 ya tiene algunos actores confirmados"},"content":{"rendered":"<p>La historia del general romano M\u00e1ximo D\u00e9cimo Meridio y el emperador Commodus, interpretados por Russell Crowe y Joaquin Phoenix, tendr\u00e1 continuaci\u00f3n con una nueva pel\u00edcula que cada vez est\u00e1 m\u00e1s cerca. Aqu\u00ed te decimos qui\u00e9nes son los actores confirmados para Gladiador 2.<\/p>\n<p>La pel\u00edcula de Gladiador 2 ser\u00e1 dirigida por el mismo cineasta que plasm\u00f3 una de las obras m\u00e1s ic\u00f3nicas del milenio, Ridley Scott. De igual manera, se cree que algunos colaboradores de la primera cinta regresen para la continuaci\u00f3n, seg\u00fan revel\u00f3 el medio The Hollywood Reporter.<\/p>\n<p>Muchos se preguntar\u00e1n sobre la trama que abordar\u00e1 Gladiador 2 despu\u00e9s de que los personajes protagonistas de la pel\u00edcula del a\u00f1o 2000 murieron en la historia; como respuesta, la nueva cinta hablar\u00e1 de aquel peque\u00f1o ni\u00f1o, sobrino de Commodus y fan\u00e1tico de M\u00e1ximo, Lucius.<\/p>\n<p>Hay actores que ya est\u00e1n confirmados para dar vida a los personajes de Gladiador 2, entre ellos, hay algunos que son conocidos por salir en famosas series de plataformas, como Stranger Things o The Mandalorian; mientras que otros son los cl\u00e1sicos histriones de pel\u00edculas de acci\u00f3n.<\/p>\n<p>\u00bfCu\u00e1ndo se estrenar\u00e1 Gladiador 2?<\/p>\n<p>Despu\u00e9s de casi 20 a\u00f1os, el Gladiador regresa con una segunda pel\u00edcula, la cual est\u00e1 en proceso de producci\u00f3n y se tiene planeado que se estrene el 22 de noviembre de 2024, pero a\u00fan quedan actores por unirse al elenco.  \u00a1Checa qui\u00e9nes son los artistas ya confirmados en la galer\u00eda!<\/p>\n<p>Los actores confirmados son:<\/p>\n<p>\u2013 Paul Mescal de \u2018Aftersun\u2019<br \/>\n\u2013 Barry Keoghan<br \/>\n\u2013 Joseph Quinn<br \/>\n\u2013 Connie Nielsen<br \/>\n\u2013 Denzel Washington<br \/>\n\u2013 Djimon Hounson<br \/>\n\u2013 Pedro Pascal<\/p>\n","protected":false},"excerpt":{"rendered":"<p>La historia del general romano M\u00e1ximo D\u00e9cimo Meridio y el emperador Commodus, interpretados por Russell Crowe y Joaquin Phoenix, tendr\u00e1 continuaci\u00f3n con una nueva pel\u00edcula que cada vez est\u00e1 m\u00e1s cerca. Aqu\u00ed te decimos qui\u00e9nes son los actores confirmados para [&hellip;]<\/p>\n","protected":false},"author":2,"featured_media":68886,"comment_status":"open","ping_status":"open","sticky":false,"template":"","format":"standard","meta":[],"categories":[66],"tags":[],"_links":{"self":[{"href":"http:\/\/noticiastelered.com\/PortalDNoticias\/wp-json\/wp\/v2\/posts\/68884"}],"collection":[{"href":"http:\/\/noticiastelered.com\/PortalDNoticias\/wp-json\/wp\/v2\/posts"}],"about":[{"href":"http:\/\/noticiastelered.com\/PortalDNoticias\/wp-json\/wp\/v2\/types\/post"}],"author":[{"embeddable":true,"href":"http:\/\/noticiastelered.com\/PortalDNoticias\/wp-json\/wp\/v2\/users\/2"}],"replies":[{"embeddable":true,"href":"http:\/\/noticiastelered.com\/PortalDNoticias\/wp-json\/wp\/v2\/comments?post=68884"}],"version-history":[{"count":1,"href":"http:\/\/noticiastelered.com\/PortalDNoticias\/wp-json\/wp\/v2\/posts\/68884\/revisions"}],"predecessor-version":[{"id":68887,"href":"http:\/\/noticiastelered.com\/PortalDNoticias\/wp-json\/wp\/v2\/posts\/68884\/revisions\/68887"}],"wp:featuredmedia":[{"embeddable":true,"href":"http:\/\/noticiastelered.com\/PortalDNoticias\/wp-json\/wp\/v2\/media\/68886"}],"wp:attachment":[{"href":"http:\/\/noticiastelered.com\/PortalDNoticias\/wp-json\/wp\/v2\/media?parent=68884"}],"wp:term":[{"taxonomy":"category","embeddable":true,"href":"http:\/\/noticiastelered.com\/PortalDNoticias\/wp-json\/wp\/v2\/categories?post=68884"},{"taxonomy":"post_tag","embeddable":true,"href":"http:\/\/noticiastelered.com\/PortalDNoticias\/wp-json\/wp\/v2\/tags?post=68884"}],"curies":[{"name":"wp","href":"https:\/\/api.w.org\/{rel}","templated":true}]}}