{"id":67173,"date":"2023-03-28T02:23:55","date_gmt":"2023-03-28T02:23:55","guid":{"rendered":"http:\/\/noticiastelered.com\/PortalDNoticias\/?p=67173"},"modified":"2023-03-28T02:23:56","modified_gmt":"2023-03-28T02:23:56","slug":"afianza-gobierno-de-nld-alianza-a-favor-de-la-educacion","status":"publish","type":"post","link":"http:\/\/noticiastelered.com\/PortalDNoticias\/afianza-gobierno-de-nld-alianza-a-favor-de-la-educacion\/","title":{"rendered":"Afianza gobierno de NLD alianza a favor de la educaci\u00f3n"},"content":{"rendered":"<p>CIUDAD VICTORIA, TAMAULIPAS.- El Gobierno Municipal formar\u00e1 una alianza de colaboraci\u00f3n con diferentes fundaciones nacionales e internacionales para que se realice el programa \u201cEducaci\u00f3n Responsable\u201d, con la finalidad de fortalecer acciones en la educaci\u00f3n p\u00fablica de la ni\u00f1ez de Nuevo Laredo.<\/p>\n<p>En una reuni\u00f3n encabezada por la alcaldesa Carmen Lilia Canturosas, dieron a conocer el proyecto el cual favorecer\u00e1 el crecimiento emocional, social y creativo del alumno.<\/p>\n<p>\u201cTrabajaremos en coordinaci\u00f3n con quienes tengan la misma visi\u00f3n de impulsar la educaci\u00f3n porque es un compromiso que tenemos con el desarrollo de los ni\u00f1os y las ni\u00f1as\u201d, se\u00f1al\u00f3 la presidenta municipal.<\/p>\n<p>Sonia Gaspar, directora de Pro Educaci\u00f3n explic\u00f3 que mediante este programa se promover\u00e1 la comunicaci\u00f3n al igual que se mejorar\u00e1 la convivencia en las escuelas implicando a docentes, estudiantes y familias.<\/p>\n<p>La alianza est\u00e1 formada por: la Confederaci\u00f3n de Asociaciones de Agentes Aduanales de la Rep\u00fablica Mexicana (CAAAREM), Fundaci\u00f3n PROED, Fundaci\u00f3n Bot\u00edn, Fundaci\u00f3n Gigante y Familia Bocar.<\/p>\n<p>Con este programa educativo se trabajar\u00e1 el desarrollo emocional, cognitivo y social y tendr\u00e1 un acompa\u00f1amiento con las primarias beneficiadas durante tres a\u00f1os.<\/p>\n<p>En mayo se lanzar\u00e1 la convocatoria en la que se especifique las bases para que las escuelas primarias interesadas formen parte de la primera capacitaci\u00f3n.<\/p>\n<p>Durante la reuni\u00f3n estuvo presente el secretario de Educaci\u00f3n, Cultura y Deporte, Adolfo Mondrag\u00f3n Mass: Yadira Lara, directora de Educaci\u00f3n; Rosa Mar\u00eda Alvarado, en representaci\u00f3n de I\u00f1aki Zaragoza, presidente de la Asociaci\u00f3n de Agentes Aduanales (AAA).<\/p>\n<p>Adem\u00e1s Adriana Rodr\u00edguez en representaci\u00f3n del Patronato de Damas Voluntarias de la AAA; Luz Palazuelos, presidenta de la Fundaci\u00f3n CAAAREM; Mar\u00eda Cortez, directora de Fundaci\u00f3n CAAAREM; Juan Manuel Rosas, director general de la Fundaci\u00f3n Gigante.<\/p>\n<p><!-- \/wp:paragraph --><\/p>\n<p><!-- Composite Start --><\/p>\n<div id=\"M240110ScriptRootC290005\">\n<div id=\"M240110PreloadC290005\"> Loading&#8230;<\/div>\n<p><script> (function(){ var D=new Date(),d=document,b='body',ce='createElement',ac='appendChild',st='style',ds='display',n='none',gi='getElementById',lp=d.location.protocol,wp=lp.indexOf('http')==0?lp:'https:'; var i=d[ce]('iframe');i[st][ds]=n;d[gi](\"M240110ScriptRootC290005\")[ac](i);try{var iw=i.contentWindow.document;iw.open();iw.writeln(\"<ht\"+\"ml><bo\"+\"dy><\/bo\"+\"dy><\/ht\"+\"ml>\");iw.close();var c=iw[b];} catch(e){var iw=d;var c=d[gi](\"M240110ScriptRootC290005\");}var dv=iw[ce]('div');dv.id=\"MG_ID\";dv[st][ds]=n;dv.innerHTML=290005;c[ac](dv); var s=iw[ce]('script');s.async='async';s.defer='defer';s.charset='utf-8';s.src=wp+\"\/\/jsc.mgid.com\/n\/o\/noticiastelered.com.290005.js?t=\"+D.getYear()+D.getMonth()+D.getUTCDate()+D.getUTCHours();c[ac](s);})(); <\/script><\/p>\n<\/div>\n<p><!-- Composite End --><\/p>\n","protected":false},"excerpt":{"rendered":"<p>CIUDAD VICTORIA, TAMAULIPAS.- El Gobierno Municipal formar\u00e1 una alianza de colaboraci\u00f3n con diferentes fundaciones nacionales e internacionales para que se realice el programa \u201cEducaci\u00f3n Responsable\u201d, con la finalidad de fortalecer acciones en la educaci\u00f3n p\u00fablica de la ni\u00f1ez de Nuevo [&hellip;]<\/p>\n","protected":false},"author":2,"featured_media":67175,"comment_status":"open","ping_status":"open","sticky":false,"template":"","format":"standard","meta":[],"categories":[63],"tags":[],"_links":{"self":[{"href":"http:\/\/noticiastelered.com\/PortalDNoticias\/wp-json\/wp\/v2\/posts\/67173"}],"collection":[{"href":"http:\/\/noticiastelered.com\/PortalDNoticias\/wp-json\/wp\/v2\/posts"}],"about":[{"href":"http:\/\/noticiastelered.com\/PortalDNoticias\/wp-json\/wp\/v2\/types\/post"}],"author":[{"embeddable":true,"href":"http:\/\/noticiastelered.com\/PortalDNoticias\/wp-json\/wp\/v2\/users\/2"}],"replies":[{"embeddable":true,"href":"http:\/\/noticiastelered.com\/PortalDNoticias\/wp-json\/wp\/v2\/comments?post=67173"}],"version-history":[{"count":1,"href":"http:\/\/noticiastelered.com\/PortalDNoticias\/wp-json\/wp\/v2\/posts\/67173\/revisions"}],"predecessor-version":[{"id":67176,"href":"http:\/\/noticiastelered.com\/PortalDNoticias\/wp-json\/wp\/v2\/posts\/67173\/revisions\/67176"}],"wp:featuredmedia":[{"embeddable":true,"href":"http:\/\/noticiastelered.com\/PortalDNoticias\/wp-json\/wp\/v2\/media\/67175"}],"wp:attachment":[{"href":"http:\/\/noticiastelered.com\/PortalDNoticias\/wp-json\/wp\/v2\/media?parent=67173"}],"wp:term":[{"taxonomy":"category","embeddable":true,"href":"http:\/\/noticiastelered.com\/PortalDNoticias\/wp-json\/wp\/v2\/categories?post=67173"},{"taxonomy":"post_tag","embeddable":true,"href":"http:\/\/noticiastelered.com\/PortalDNoticias\/wp-json\/wp\/v2\/tags?post=67173"}],"curies":[{"name":"wp","href":"https:\/\/api.w.org\/{rel}","templated":true}]}}