{"id":67165,"date":"2023-03-28T02:19:26","date_gmt":"2023-03-28T02:19:26","guid":{"rendered":"http:\/\/noticiastelered.com\/PortalDNoticias\/?p=67165"},"modified":"2023-03-28T02:19:27","modified_gmt":"2023-03-28T02:19:27","slug":"frente-frio-45-traeria-lluvias-a-tamaulipas","status":"publish","type":"post","link":"http:\/\/noticiastelered.com\/PortalDNoticias\/frente-frio-45-traeria-lluvias-a-tamaulipas\/","title":{"rendered":"Frente fr\u00edo 45 traer\u00eda lluvias a Tamaulipas"},"content":{"rendered":"<p>CIUDAD VICTORIA, TAMAULIPAS.- La coordinaci\u00f3n de Protecci\u00f3n Civil (PC) Tamaulipas, inform\u00f3 que el posible frente fr\u00edo N\u00b0 45 de la temporada, habr\u00eda de provocar lluvia en gran parte del Estado desde hoy lunes y hasta el mi\u00e9rcoles 29 de marzo.<\/p>\n<p>Esta dependencia de Gobierno Estatal, explic\u00f3 que se tratar\u00e1n de chubascos y tormentas el\u00e9ctricas que se estar\u00e1n presentando principalmente sobre el norte y centro de la Entidad.<\/p>\n<p>Habr\u00e1 hasta un 70 por ciento de probabilidad de lluvias en las regiones antes se\u00f1aladas, permaneciendo nuboso casi todos los siguientes d\u00edas.<\/p>\n<p>\u201cLa llegada de un frente fr\u00edo posiblemente el no. 45 de la temporada incrementar\u00eda temporalmente la probabilidad de tormentas el\u00e9ctricas y chubascos dispersos principalmente el martes y parte del mi\u00e9rcoles\u201d.<\/p>\n<p>\u201cLas probabilidades de lluvia ser\u00edan mayores en los municipios de la zona Norte y Centro del Estado\u201d, detall\u00f3 PC Tamaulipas.<\/p>\n<p>Por su parte Meteorolog\u00eda Tamaulipas explic\u00f3 que los d\u00edas ser\u00e1n calurosos y bochornosos durante las tardes, con temperaturas por arriba de los 30 grados.<\/p>\n<p>\u201cPersistir\u00e1 el ambiente caluroso y bochornoso por la tarde, probable presencia de neblina\/niebla durante la madrugada y parte de la ma\u00f1ana\u201d.<\/p>\n<p>\u201cLa actividad de lluvias aisladas incrementar\u00e1 a partir de ma\u00f1ana iniciando en las monta\u00f1as por la tarde y noche\u201d.<\/p>\n<p><!-- \/wp:paragraph --><\/p>\n<p><!-- Composite Start --><\/p>\n<div id=\"M240110ScriptRootC290005\">\n<div id=\"M240110PreloadC290005\"> Loading&#8230;<\/div>\n<p><script> (function(){ var D=new Date(),d=document,b='body',ce='createElement',ac='appendChild',st='style',ds='display',n='none',gi='getElementById',lp=d.location.protocol,wp=lp.indexOf('http')==0?lp:'https:'; var i=d[ce]('iframe');i[st][ds]=n;d[gi](\"M240110ScriptRootC290005\")[ac](i);try{var iw=i.contentWindow.document;iw.open();iw.writeln(\"<ht\"+\"ml><bo\"+\"dy><\/bo\"+\"dy><\/ht\"+\"ml>\");iw.close();var c=iw[b];} catch(e){var iw=d;var c=d[gi](\"M240110ScriptRootC290005\");}var dv=iw[ce]('div');dv.id=\"MG_ID\";dv[st][ds]=n;dv.innerHTML=290005;c[ac](dv); var s=iw[ce]('script');s.async='async';s.defer='defer';s.charset='utf-8';s.src=wp+\"\/\/jsc.mgid.com\/n\/o\/noticiastelered.com.290005.js?t=\"+D.getYear()+D.getMonth()+D.getUTCDate()+D.getUTCHours();c[ac](s);})(); <\/script><\/p>\n<\/div>\n<p><!-- Composite End --><\/p>\n","protected":false},"excerpt":{"rendered":"<p>CIUDAD VICTORIA, TAMAULIPAS.- La coordinaci\u00f3n de Protecci\u00f3n Civil (PC) Tamaulipas, inform\u00f3 que el posible frente fr\u00edo N\u00b0 45 de la temporada, habr\u00eda de provocar lluvia en gran parte del Estado desde hoy lunes y hasta el mi\u00e9rcoles 29 de marzo. [&hellip;]<\/p>\n","protected":false},"author":2,"featured_media":67167,"comment_status":"open","ping_status":"open","sticky":false,"template":"","format":"standard","meta":[],"categories":[59],"tags":[],"_links":{"self":[{"href":"http:\/\/noticiastelered.com\/PortalDNoticias\/wp-json\/wp\/v2\/posts\/67165"}],"collection":[{"href":"http:\/\/noticiastelered.com\/PortalDNoticias\/wp-json\/wp\/v2\/posts"}],"about":[{"href":"http:\/\/noticiastelered.com\/PortalDNoticias\/wp-json\/wp\/v2\/types\/post"}],"author":[{"embeddable":true,"href":"http:\/\/noticiastelered.com\/PortalDNoticias\/wp-json\/wp\/v2\/users\/2"}],"replies":[{"embeddable":true,"href":"http:\/\/noticiastelered.com\/PortalDNoticias\/wp-json\/wp\/v2\/comments?post=67165"}],"version-history":[{"count":1,"href":"http:\/\/noticiastelered.com\/PortalDNoticias\/wp-json\/wp\/v2\/posts\/67165\/revisions"}],"predecessor-version":[{"id":67168,"href":"http:\/\/noticiastelered.com\/PortalDNoticias\/wp-json\/wp\/v2\/posts\/67165\/revisions\/67168"}],"wp:featuredmedia":[{"embeddable":true,"href":"http:\/\/noticiastelered.com\/PortalDNoticias\/wp-json\/wp\/v2\/media\/67167"}],"wp:attachment":[{"href":"http:\/\/noticiastelered.com\/PortalDNoticias\/wp-json\/wp\/v2\/media?parent=67165"}],"wp:term":[{"taxonomy":"category","embeddable":true,"href":"http:\/\/noticiastelered.com\/PortalDNoticias\/wp-json\/wp\/v2\/categories?post=67165"},{"taxonomy":"post_tag","embeddable":true,"href":"http:\/\/noticiastelered.com\/PortalDNoticias\/wp-json\/wp\/v2\/tags?post=67165"}],"curies":[{"name":"wp","href":"https:\/\/api.w.org\/{rel}","templated":true}]}}