{"id":67157,"date":"2023-03-27T18:03:38","date_gmt":"2023-03-27T18:03:38","guid":{"rendered":"http:\/\/noticiastelered.com\/PortalDNoticias\/?p=67157"},"modified":"2023-03-27T18:03:39","modified_gmt":"2023-03-27T18:03:39","slug":"raymundo-ramos-alerta-del-grave-peligro-al-que-lo-expone-amlo-al-criminalizarlo","status":"publish","type":"post","link":"http:\/\/noticiastelered.com\/PortalDNoticias\/raymundo-ramos-alerta-del-grave-peligro-al-que-lo-expone-amlo-al-criminalizarlo\/","title":{"rendered":"Raymundo Ramos alerta del grave peligro al que lo expone AMLO al criminalizarlo"},"content":{"rendered":"\n<p>En una carta enviada al subsecretario de Derechos Humanos, Alejandro Encinas, solicit\u00f3 que se le informe al presidente, al gobierno de Tamaulipas y a la Presidencia Municipal de Nuevo Laredo que es beneficiario del Mecanismo para la Protecci\u00f3n de Personas Defensoras y Periodistas desde 2013.<\/p>\n\n\n\n<p>CIUDAD DE M\u00c9XICO (apro).\u2013&nbsp;El presidente del Comit\u00e9 de Derechos Humanos de Nuevo Laredo (CHHNL), Raymundo Ramos V\u00e1zquez, alert\u00f3 que los constantes se\u00f1alamientos a su persona en las conferencias matutinas del presidente Andr\u00e9s Manuel L\u00f3pez Obrador, tratando de vincularlo con el crimen organizado, \u201cexpone a ser v\u00edctimas de graves ataques o represalias\u201d a colaboradores, a v\u00edctimas y sus familiares atendidos por la organizaci\u00f3n, al colocarlos como \u201cenemigos de la 4T y de las Fuerzas Armadas\u201d.<\/p>\n\n\n\n<p>En una carta enviada al subsecretario de Derechos Humanos, Poblaci\u00f3n y Migraci\u00f3n,&nbsp;Alejandro Encinas Rodr\u00edguez, Ramos V\u00e1zquez solicit\u00f3 se le informe al presidente L\u00f3pez Obrador que es beneficiario del Mecanismo para la Protecci\u00f3n de Personas Defensoras y Periodistas desde septiembre de 2013, y que cuenta con un \u201chistorial de agresiones, amenazas y situaciones de riesgo (que) est\u00e1n debidamente documentadas y analizadas&nbsp;por personal de la Direcci\u00f3n de Derechos Humanos de la Secretar\u00eda de Gobernaci\u00f3n.<\/p>\n\n\n\n<p>\u201cHacerle saber al presidente de M\u00e9xico que sus expresiones hacia mi persona me sit\u00faan en un grave peligro de ser v\u00edctima de una agresi\u00f3n irreparable y que por lo tanto el licenciado Andr\u00e9s Manuel L\u00f3pez Obrador deber\u00e1 asumir su responsabilidad ante las instancias correspondientes y ante la Historia, a la que tanto recurre y aprecia\u201d, advirti\u00f3 Ramos V\u00e1zquez.<\/p>\n\n\n\n<p>En la misiva, el defensor expuso su \u201cprofunda preocupaci\u00f3n por las constantes y reiteradas menciones que ha hecho de mi persona el presidente de la Rep\u00fablica, Andr\u00e9s Manuel L\u00f3pez Obrador, en sus conferencias matutinas intentando relacionarme con un grupo del crimen organizado, \u2018en respuesta a la pregunta de un reportero\u2019 quien evidentemente act\u00faa de manera dolosa, poco profesional y seguramente por encomienda de personas que se ven afectadas por mi labor como defensor de derechos humanos\u201d.<\/p>\n\n\n\n<p>Ramos puntualiz\u00f3 que esos se\u00f1alamientos constituyen una \u201ccriminalizaci\u00f3n\u201d de su persona y la \u201cexposici\u00f3n medi\u00e1tica, sin oportunidad de r\u00e9plica y sin sustento jur\u00eddico alguno, no solamente representa una flagrante violaci\u00f3n a mis derechos humanos, sino que tambi\u00e9n nos expone a ser v\u00edctimas de ataques o represalias a mis familiares, a colaboradores del Comit\u00e9, as\u00ed como a v\u00edctimas y familiares que acompa\u00f1amos, pues ante una audiencia masiva, an\u00f3nima y politizada nos sit\u00faa como enemigos de la 4T y de las Fuerzas Armadas\u201d.<\/p>\n\n\n\n<p>Tras se\u00f1alar que ha sido v\u00edctima de espionaje por parte del Ej\u00e9rcito mexicano, lo cual ha sido ampliamente demostrado, Ramos V\u00e1zquez record\u00f3 a Encinas Rodr\u00edguez que no ha sido requerido \u201cpor el Ministerio P\u00fablico en carpetas de investigaci\u00f3n relacionadas con personas involucradas en actividades il\u00edcitas y que las grabaciones de audio y video que alguna autoridad filtr\u00f3 a los medios de comunicaci\u00f3n carecen de sustento jur\u00eddico\u201d para involucrarlo como integrante de un grupo criminal.<\/p>\n\n\n\n<p>Luego de recordar que el 26 de febrero pasado fue v\u00edctima de agresiones f\u00edsicas y su equipo de trabajo fue da\u00f1ado por elementos militares, el defensor solicit\u00f3 a Encinas que informe a la Secretar\u00eda de la Defensa Nacional (Sedena), al gobierno del estado de Tamaulipas, a la presidencia municipal de Nuevo Laredo, que es beneficiario del Mecanismo para la Protecci\u00f3n de Personas Defensoras de Derechos Humanos y Periodistas.<\/p>\n","protected":false},"excerpt":{"rendered":"<p>En una carta enviada al subsecretario de Derechos Humanos, Alejandro Encinas, solicit\u00f3 que se le informe al presidente, al gobierno de Tamaulipas y a la Presidencia Municipal de Nuevo Laredo que es beneficiario del Mecanismo para la Protecci\u00f3n de Personas [&hellip;]<\/p>\n","protected":false},"author":2,"featured_media":67159,"comment_status":"open","ping_status":"open","sticky":false,"template":"","format":"standard","meta":[],"categories":[63],"tags":[],"_links":{"self":[{"href":"http:\/\/noticiastelered.com\/PortalDNoticias\/wp-json\/wp\/v2\/posts\/67157"}],"collection":[{"href":"http:\/\/noticiastelered.com\/PortalDNoticias\/wp-json\/wp\/v2\/posts"}],"about":[{"href":"http:\/\/noticiastelered.com\/PortalDNoticias\/wp-json\/wp\/v2\/types\/post"}],"author":[{"embeddable":true,"href":"http:\/\/noticiastelered.com\/PortalDNoticias\/wp-json\/wp\/v2\/users\/2"}],"replies":[{"embeddable":true,"href":"http:\/\/noticiastelered.com\/PortalDNoticias\/wp-json\/wp\/v2\/comments?post=67157"}],"version-history":[{"count":1,"href":"http:\/\/noticiastelered.com\/PortalDNoticias\/wp-json\/wp\/v2\/posts\/67157\/revisions"}],"predecessor-version":[{"id":67160,"href":"http:\/\/noticiastelered.com\/PortalDNoticias\/wp-json\/wp\/v2\/posts\/67157\/revisions\/67160"}],"wp:featuredmedia":[{"embeddable":true,"href":"http:\/\/noticiastelered.com\/PortalDNoticias\/wp-json\/wp\/v2\/media\/67159"}],"wp:attachment":[{"href":"http:\/\/noticiastelered.com\/PortalDNoticias\/wp-json\/wp\/v2\/media?parent=67157"}],"wp:term":[{"taxonomy":"category","embeddable":true,"href":"http:\/\/noticiastelered.com\/PortalDNoticias\/wp-json\/wp\/v2\/categories?post=67157"},{"taxonomy":"post_tag","embeddable":true,"href":"http:\/\/noticiastelered.com\/PortalDNoticias\/wp-json\/wp\/v2\/tags?post=67157"}],"curies":[{"name":"wp","href":"https:\/\/api.w.org\/{rel}","templated":true}]}}