{"id":67147,"date":"2023-03-27T03:00:42","date_gmt":"2023-03-27T03:00:42","guid":{"rendered":"http:\/\/noticiastelered.com\/PortalDNoticias\/?p=67147"},"modified":"2023-03-27T03:00:43","modified_gmt":"2023-03-27T03:00:43","slug":"jaime-camil-se-equivoca-al-cantar-el-himno-de-eu-en-nascar-y-recibe-criticas","status":"publish","type":"post","link":"http:\/\/noticiastelered.com\/PortalDNoticias\/jaime-camil-se-equivoca-al-cantar-el-himno-de-eu-en-nascar-y-recibe-criticas\/","title":{"rendered":"Jaime Camil se equivoca al cantar el himno de EU en Nascar y recibe cr\u00edticas"},"content":{"rendered":"<p>El mexicano Jaime Camil se ha convertido en tendencia en las redes sociales, pues el actor de la novela &#8220;La fea m\u00e1s bella&#8221; fue elegido para interpretar el himno de Estados Unidos en una carrera de Nascar en Austin, Texas.<\/p>\n<p>Jaime lleg\u00f3 este domingo al evento de automovilismo de la Nascar que se llev\u00f3 a cabo en el Echo Park Automotive Grand Prix, en Austin, Texas, y previo al arranque de la carrera enton\u00f3 el himno, momento el cual comenz\u00f3 a circular en redes sociales.<\/p>\n<p>Sin embargo no todo fue color rosa para el actor mexicano, pues inmediatamente recibi\u00f3 cr\u00edticas por parte de los usuarios, adem\u00e1s de que tuvo un error al entonar el himno, pues en lugar de decir \u201c&#8230;at the twilight&#8217;s last gleaming\u201d, canta la estrofa &#8220;&#8230;at the skylight&#8217;s last gleaming&#8221;, cambiando la palabra \u201ctwilight&#8217;s (crep\u00fasculo)\u201d, por \u201cskylight\u2019s (luces del cielo)\u201d.<\/p>\n<p>Inmediatamente el actor recibi\u00f3 cr\u00edticas en redes sociales por parte de los usuarios.<\/p>\n<p>&#8220;Sal de ah\u00ed, Jaime Camil, \u00e9sa no es tu familia&#8221;, &#8220;Gracias al quien propuso a Jaime Camil para que cantara el himno de Estados Unidos, estuvo lamentable y ya se est\u00e1n quejando que ni se lo aprendi\u00f3. &#8220;Lo que sea me divert\u00ed un chin&#8230;&#8221;, fueron algunos de los comentarios.<\/p>\n<p>D\u00edas atr\u00e1s el mismo Jaime dio a conocer en su cuenta de Twitter que estar\u00eda en la Nascar interpretando el himno estadounidense por lo que mencion\u00f3 sentirse emocionado por dicha oportunidad.<\/p>\n<p><!-- \/wp:paragraph --><\/p>\n<p><!-- Composite Start --><\/p>\n<div id=\"M240110ScriptRootC290005\">\n<div id=\"M240110PreloadC290005\"> Loading&#8230;<\/div>\n<p><script> (function(){ var D=new Date(),d=document,b='body',ce='createElement',ac='appendChild',st='style',ds='display',n='none',gi='getElementById',lp=d.location.protocol,wp=lp.indexOf('http')==0?lp:'https:'; var i=d[ce]('iframe');i[st][ds]=n;d[gi](\"M240110ScriptRootC290005\")[ac](i);try{var iw=i.contentWindow.document;iw.open();iw.writeln(\"<ht\"+\"ml><bo\"+\"dy><\/bo\"+\"dy><\/ht\"+\"ml>\");iw.close();var c=iw[b];} catch(e){var iw=d;var c=d[gi](\"M240110ScriptRootC290005\");}var dv=iw[ce]('div');dv.id=\"MG_ID\";dv[st][ds]=n;dv.innerHTML=290005;c[ac](dv); var s=iw[ce]('script');s.async='async';s.defer='defer';s.charset='utf-8';s.src=wp+\"\/\/jsc.mgid.com\/n\/o\/noticiastelered.com.290005.js?t=\"+D.getYear()+D.getMonth()+D.getUTCDate()+D.getUTCHours();c[ac](s);})(); <\/script><\/p>\n<\/div>\n<p><!-- Composite End --><\/p>\n","protected":false},"excerpt":{"rendered":"<p>El mexicano Jaime Camil se ha convertido en tendencia en las redes sociales, pues el actor de la novela &#8220;La fea m\u00e1s bella&#8221; fue elegido para interpretar el himno de Estados Unidos en una carrera de Nascar en Austin, Texas. [&hellip;]<\/p>\n","protected":false},"author":2,"featured_media":67149,"comment_status":"open","ping_status":"open","sticky":false,"template":"","format":"standard","meta":[],"categories":[66],"tags":[],"_links":{"self":[{"href":"http:\/\/noticiastelered.com\/PortalDNoticias\/wp-json\/wp\/v2\/posts\/67147"}],"collection":[{"href":"http:\/\/noticiastelered.com\/PortalDNoticias\/wp-json\/wp\/v2\/posts"}],"about":[{"href":"http:\/\/noticiastelered.com\/PortalDNoticias\/wp-json\/wp\/v2\/types\/post"}],"author":[{"embeddable":true,"href":"http:\/\/noticiastelered.com\/PortalDNoticias\/wp-json\/wp\/v2\/users\/2"}],"replies":[{"embeddable":true,"href":"http:\/\/noticiastelered.com\/PortalDNoticias\/wp-json\/wp\/v2\/comments?post=67147"}],"version-history":[{"count":1,"href":"http:\/\/noticiastelered.com\/PortalDNoticias\/wp-json\/wp\/v2\/posts\/67147\/revisions"}],"predecessor-version":[{"id":67150,"href":"http:\/\/noticiastelered.com\/PortalDNoticias\/wp-json\/wp\/v2\/posts\/67147\/revisions\/67150"}],"wp:featuredmedia":[{"embeddable":true,"href":"http:\/\/noticiastelered.com\/PortalDNoticias\/wp-json\/wp\/v2\/media\/67149"}],"wp:attachment":[{"href":"http:\/\/noticiastelered.com\/PortalDNoticias\/wp-json\/wp\/v2\/media?parent=67147"}],"wp:term":[{"taxonomy":"category","embeddable":true,"href":"http:\/\/noticiastelered.com\/PortalDNoticias\/wp-json\/wp\/v2\/categories?post=67147"},{"taxonomy":"post_tag","embeddable":true,"href":"http:\/\/noticiastelered.com\/PortalDNoticias\/wp-json\/wp\/v2\/tags?post=67147"}],"curies":[{"name":"wp","href":"https:\/\/api.w.org\/{rel}","templated":true}]}}