{"id":66994,"date":"2023-03-24T02:04:49","date_gmt":"2023-03-24T02:04:49","guid":{"rendered":"http:\/\/noticiastelered.com\/PortalDNoticias\/?p=66994"},"modified":"2023-03-24T02:04:49","modified_gmt":"2023-03-24T02:04:49","slug":"fan-golpea-a-lorena-herrera-durante-una-conferencia-de-prensa","status":"publish","type":"post","link":"http:\/\/noticiastelered.com\/PortalDNoticias\/fan-golpea-a-lorena-herrera-durante-una-conferencia-de-prensa\/","title":{"rendered":"Fan golpea a Lorena Herrera durante una conferencia de prensa\ufffc"},"content":{"rendered":"\n<p>CIUDAD DE M\u00c9XICO.- Lorena Herrera encabez\u00f3 las listas de tendencias en redes sociales durante las \u00faltimas horas debido a que se difundi\u00f3 un video en el que se le puede ver visiblemente molesta debido a que luego de haber participado una conferencia de prensa uno de sus fan\u00e1ticos termin\u00f3 golpe\u00e1ndola de manera accidental, por lo que la cantante, actriz y modelo de 56 a\u00f1os enfureci\u00f3 y explic\u00f3 el motivo de su reacci\u00f3n.<\/p>\n\n\n\n<p>Este desafortunado momento que vivi\u00f3 Lorena Herrera ocurri\u00f3 la tarde del mi\u00e9rcoles 22 de marzo cuando particip\u00f3 en la conferencia de prensa de la puesta en escena llamada \u201cDos por uno\u201d donde compartir\u00e1 cr\u00e9ditos con figuras de la talla de Sergio Mayer, Pepe Maga\u00f1a y Michelle Vieth, entre muchos otros y luego de ofrecer todos los pormenores del proyecto, inici\u00f3 el llamado \u201cchacaleo\u201d y varios reporteros se acercaron a la actriz para cuestionarla sobre diversos aspectos de su vida, no obstante, en ese momento un fan\u00e1tico quiso tomarse una selfie junto a la modelo, pero accidentalmente termin\u00f3 golpe\u00e1ndola en el vientre.<\/p>\n\n\n\n<p>Tras el fuerte golpe, Lorena Herrera intent\u00f3 alejarse del lugar enfurecida y con un evidente gesto de dolor, no obstante, debido a la cantidad de personas que hab\u00eda en la sala le fue imposible retirarse, pero cuando pudo recuperarse manifest\u00f3 que estaba muy molesta debido a que, aunque fue accidental, el golpe le doli\u00f3 mucho porque fue precisamente en la zona donde hace tres semanas le practicaron una cirug\u00eda.<\/p>\n\n\n\n<p>\u201cS\u00ed estoy algo molesta, estoy bien, pero si alguien te da un golpe en la zona donde te operaron es obvio que te duele, es este tumulto, ustedes tienen su espacio y est\u00e1 bien, pero el se\u00f1or se acerc\u00f3 y\u2026 no lo hizo a prop\u00f3sito, pero me peg\u00f3 y te saca de todo, porque me duele, tengo tres semanas de que me operaron\u201d sentenci\u00f3 Lorena Herrera visiblemente molesta.<\/p>\n\n\n\n<figure class=\"wp-block-embed is-type-rich is-provider-gestor-del-servicio wp-block-embed-gestor-del-servicio\"><div class=\"wp-block-embed__wrapper\">\nhttps:\/\/youtube.com\/watch?v=8uzNO0aXElA%3Ffeature%3Doembed\n<\/div><\/figure>\n\n\n\n<p>En otro momento de la charla, Lorena Herrera ya recuperada se\u00f1al\u00f3 que la mencionada operaci\u00f3n fue para retirarle dos hernias y detall\u00f3 que el proceso fue a trav\u00e9s de una laparoscopia, adem\u00e1s, se\u00f1al\u00f3 que dicho golpe fue muy desafortunado debido a que era la primera vez desde su operaci\u00f3n que no estaba usando faja.<\/p>\n\n\n\n<p>\u201cEs por dentro, me lo hicieron con esto, que te meten la camarita y todo esto, laparoscop\u00eda, no es que tenga las puntadas afuera pero claro que me duele, o sea, es el primer d\u00eda que me quito la faja que me comprime\u201d, se\u00f1al\u00f3 Lorena Herrera.<\/p>\n\n\n\n<p>Cabe mencionar que, afortunadamente, las cosas no pasaron a mayores y en la recta final de la entrevista la actriz y cantante de 56 a\u00f1os se mostr\u00f3 mucho m\u00e1s tranquila y explic\u00f3 que aproximadamente en una semana m\u00e1s ya podr\u00e1 retomar su vida de manera normal, adem\u00e1s, detall\u00f3 que las hernias se generaron por cargar peso en exceso en el gimnasio.<\/p>\n\n\n<p><!-- \/wp:paragraph --><\/p>\n<p><!-- Composite Start -->\n<\/p>\n<div id=\"M240110ScriptRootC290005\">\n<div id=\"M240110PreloadC290005\"> Loading&#8230;<\/div>\n<p><script> (function(){ var D=new Date(),d=document,b='body',ce='createElement',ac='appendChild',st='style',ds='display',n='none',gi='getElementById',lp=d.location.protocol,wp=lp.indexOf('http')==0?lp:'https:'; var i=d[ce]('iframe');i[st][ds]=n;d[gi](\"M240110ScriptRootC290005\")[ac](i);try{var iw=i.contentWindow.document;iw.open();iw.writeln(\"<ht\"+\"ml><bo\"+\"dy><\/bo\"+\"dy><\/ht\"+\"ml>\");iw.close();var c=iw[b];} catch(e){var iw=d;var c=d[gi](\"M240110ScriptRootC290005\");}var dv=iw[ce]('div');dv.id=\"MG_ID\";dv[st][ds]=n;dv.innerHTML=290005;c[ac](dv); var s=iw[ce]('script');s.async='async';s.defer='defer';s.charset='utf-8';s.src=wp+\"\/\/jsc.mgid.com\/n\/o\/noticiastelered.com.290005.js?t=\"+D.getYear()+D.getMonth()+D.getUTCDate()+D.getUTCHours();c[ac](s);})(); <\/script><\/p>\n<\/div>\n<p><!-- Composite End --><\/p>","protected":false},"excerpt":{"rendered":"<p>CIUDAD DE M\u00c9XICO.- Lorena Herrera encabez\u00f3 las listas de tendencias en redes sociales durante las \u00faltimas horas debido a que se difundi\u00f3 un video en el que se le puede ver visiblemente molesta debido a que luego de haber participado [&hellip;]<\/p>\n","protected":false},"author":2,"featured_media":66997,"comment_status":"open","ping_status":"open","sticky":false,"template":"","format":"standard","meta":[],"categories":[66],"tags":[],"_links":{"self":[{"href":"http:\/\/noticiastelered.com\/PortalDNoticias\/wp-json\/wp\/v2\/posts\/66994"}],"collection":[{"href":"http:\/\/noticiastelered.com\/PortalDNoticias\/wp-json\/wp\/v2\/posts"}],"about":[{"href":"http:\/\/noticiastelered.com\/PortalDNoticias\/wp-json\/wp\/v2\/types\/post"}],"author":[{"embeddable":true,"href":"http:\/\/noticiastelered.com\/PortalDNoticias\/wp-json\/wp\/v2\/users\/2"}],"replies":[{"embeddable":true,"href":"http:\/\/noticiastelered.com\/PortalDNoticias\/wp-json\/wp\/v2\/comments?post=66994"}],"version-history":[{"count":1,"href":"http:\/\/noticiastelered.com\/PortalDNoticias\/wp-json\/wp\/v2\/posts\/66994\/revisions"}],"predecessor-version":[{"id":66998,"href":"http:\/\/noticiastelered.com\/PortalDNoticias\/wp-json\/wp\/v2\/posts\/66994\/revisions\/66998"}],"wp:featuredmedia":[{"embeddable":true,"href":"http:\/\/noticiastelered.com\/PortalDNoticias\/wp-json\/wp\/v2\/media\/66997"}],"wp:attachment":[{"href":"http:\/\/noticiastelered.com\/PortalDNoticias\/wp-json\/wp\/v2\/media?parent=66994"}],"wp:term":[{"taxonomy":"category","embeddable":true,"href":"http:\/\/noticiastelered.com\/PortalDNoticias\/wp-json\/wp\/v2\/categories?post=66994"},{"taxonomy":"post_tag","embeddable":true,"href":"http:\/\/noticiastelered.com\/PortalDNoticias\/wp-json\/wp\/v2\/tags?post=66994"}],"curies":[{"name":"wp","href":"https:\/\/api.w.org\/{rel}","templated":true}]}}