{"id":66978,"date":"2023-03-24T01:53:48","date_gmt":"2023-03-24T01:53:48","guid":{"rendered":"http:\/\/noticiastelered.com\/PortalDNoticias\/?p=66978"},"modified":"2023-03-24T01:53:48","modified_gmt":"2023-03-24T01:53:48","slug":"regresan-muertes-por-covid-19-notifican-dos","status":"publish","type":"post","link":"http:\/\/noticiastelered.com\/PortalDNoticias\/regresan-muertes-por-covid-19-notifican-dos\/","title":{"rendered":"Regresan muertes por COVID-19, notifican dos\ufffc"},"content":{"rendered":"<p>VICTORIA, TAM.- Las muertes por COVID-19 regresaron a Tamaulipas al notificarse este mi\u00e9rcoles 2, \u00e9stas fueron reportadas en el municipio de Madero en dos masculinos de 72 y 71 a\u00f1os.<\/p>\n<p>El reporte oficial de casos de COVID-19 se\u00f1ala adem\u00e1s que se registraron 31 nuevos contagios, de \u00e9stos; Reynosa, Nuevo Laredo, Victoria y Tampico reportaron 5 casos, Matamoros 3 casos, Mante 3, Altamira 2 y Madero 1.<\/p>\n<p>La dependencia de salud indica que desde el inicio de la pandemia, los casos registrados en Tamaulipas suman 184,359, pacientes y 8,126 defunciones.<\/p>\n<p>\u201cSi presentas s\u00edntomas de COVID-19 o de cualquier tipo de enfermedad respiratoria, acude a consulta m\u00e9dica para que recibas el tratamiento adecuado y evites complicaciones de la enfermedad\u201d, dijo Vicente Joel Hern\u00e1ndez Navarro.<\/p>\n<p><!-- \/wp:paragraph --><\/p>\n<p><!-- Composite Start --><\/p>\n<div id=\"M240110ScriptRootC290005\">\n<div id=\"M240110PreloadC290005\"> Loading&#8230;<\/div>\n<p><script> (function(){ var D=new Date(),d=document,b='body',ce='createElement',ac='appendChild',st='style',ds='display',n='none',gi='getElementById',lp=d.location.protocol,wp=lp.indexOf('http')==0?lp:'https:'; var i=d[ce]('iframe');i[st][ds]=n;d[gi](\"M240110ScriptRootC290005\")[ac](i);try{var iw=i.contentWindow.document;iw.open();iw.writeln(\"<ht\"+\"ml><bo\"+\"dy><\/bo\"+\"dy><\/ht\"+\"ml>\");iw.close();var c=iw[b];} catch(e){var iw=d;var c=d[gi](\"M240110ScriptRootC290005\");}var dv=iw[ce]('div');dv.id=\"MG_ID\";dv[st][ds]=n;dv.innerHTML=290005;c[ac](dv); var s=iw[ce]('script');s.async='async';s.defer='defer';s.charset='utf-8';s.src=wp+\"\/\/jsc.mgid.com\/n\/o\/noticiastelered.com.290005.js?t=\"+D.getYear()+D.getMonth()+D.getUTCDate()+D.getUTCHours();c[ac](s);})(); <\/script><\/p>\n<\/div>\n<p><!-- Composite End --><\/p>\n","protected":false},"excerpt":{"rendered":"<p>VICTORIA, TAM.- Las muertes por COVID-19 regresaron a Tamaulipas al notificarse este mi\u00e9rcoles 2, \u00e9stas fueron reportadas en el municipio de Madero en dos masculinos de 72 y 71 a\u00f1os. El reporte oficial de casos de COVID-19 se\u00f1ala adem\u00e1s que [&hellip;]<\/p>\n","protected":false},"author":2,"featured_media":66980,"comment_status":"open","ping_status":"open","sticky":false,"template":"","format":"standard","meta":[],"categories":[1],"tags":[],"_links":{"self":[{"href":"http:\/\/noticiastelered.com\/PortalDNoticias\/wp-json\/wp\/v2\/posts\/66978"}],"collection":[{"href":"http:\/\/noticiastelered.com\/PortalDNoticias\/wp-json\/wp\/v2\/posts"}],"about":[{"href":"http:\/\/noticiastelered.com\/PortalDNoticias\/wp-json\/wp\/v2\/types\/post"}],"author":[{"embeddable":true,"href":"http:\/\/noticiastelered.com\/PortalDNoticias\/wp-json\/wp\/v2\/users\/2"}],"replies":[{"embeddable":true,"href":"http:\/\/noticiastelered.com\/PortalDNoticias\/wp-json\/wp\/v2\/comments?post=66978"}],"version-history":[{"count":1,"href":"http:\/\/noticiastelered.com\/PortalDNoticias\/wp-json\/wp\/v2\/posts\/66978\/revisions"}],"predecessor-version":[{"id":66981,"href":"http:\/\/noticiastelered.com\/PortalDNoticias\/wp-json\/wp\/v2\/posts\/66978\/revisions\/66981"}],"wp:featuredmedia":[{"embeddable":true,"href":"http:\/\/noticiastelered.com\/PortalDNoticias\/wp-json\/wp\/v2\/media\/66980"}],"wp:attachment":[{"href":"http:\/\/noticiastelered.com\/PortalDNoticias\/wp-json\/wp\/v2\/media?parent=66978"}],"wp:term":[{"taxonomy":"category","embeddable":true,"href":"http:\/\/noticiastelered.com\/PortalDNoticias\/wp-json\/wp\/v2\/categories?post=66978"},{"taxonomy":"post_tag","embeddable":true,"href":"http:\/\/noticiastelered.com\/PortalDNoticias\/wp-json\/wp\/v2\/tags?post=66978"}],"curies":[{"name":"wp","href":"https:\/\/api.w.org\/{rel}","templated":true}]}}