{"id":66924,"date":"2023-03-23T00:09:37","date_gmt":"2023-03-23T00:09:37","guid":{"rendered":"http:\/\/noticiastelered.com\/PortalDNoticias\/?p=66924"},"modified":"2023-03-23T00:09:38","modified_gmt":"2023-03-23T00:09:38","slug":"semana-santa-con-pilon-por-esta-razon-habra-un-dia-extra-de-descanso","status":"publish","type":"post","link":"http:\/\/noticiastelered.com\/PortalDNoticias\/semana-santa-con-pilon-por-esta-razon-habra-un-dia-extra-de-descanso\/","title":{"rendered":"Semana Santa con \u2018pil\u00f3n\u2019: Por esta raz\u00f3n habr\u00e1 un d\u00eda extra de descanso\ufffc"},"content":{"rendered":"<p>Las vacaciones de Semana Santa tendr\u00e1n un d\u00eda extra de descanso para estudiantes y trabajadores de la educaci\u00f3n, lo que permitir\u00e1 un nevo \u2018megapuente\u2019 de al menos cuatro d\u00edas debido a la uni\u00f3n entre d\u00edas administrativos y la llegada de las celebraciones religiosas.<\/p>\n<p>De acuerdo con el calendario de la Secretar\u00eda de Educaci\u00f3n P\u00fablica (SEP), el periodo vacacional de Semana Santa ser\u00e1 del 3 al 14 de abril; sin embargo, d\u00edas antes tambi\u00e9n se suspender\u00e1n las clases.<\/p>\n<p>\u00bfPor qu\u00e9 habr\u00e1 un d\u00eda m\u00e1s de descanso en la Semana Santa de este a\u00f1o?<br \/>\nSi bien la SEP especifica que el 3 de abril comienzan las vacaciones de Semana Santa, el viernes 31 de marzo no habr\u00e1 clases debido a que se llevar\u00e1 a cabo un Consejo T\u00e9cnico Escolar y Taller Intensivo de Formaci\u00f3n Continua para Docentes, Nuevos Planes y Programas de Estudio.<\/p>\n<p>Por ello el descanso total de los alumnos se extender\u00e1 desde el viernes 31 de marzo hasta el domingo 16 de abril, con un d\u00eda extra a comparaci\u00f3n de a\u00f1os anteriores. Cabe recordar que en la \u00faltima semana se marzo tambi\u00e9n ser\u00e1 la entrega de boletas escolares correspondientes al segundo tercio del ciclo escolar 2022-2023.<\/p>\n<p>La medida, m\u00e1s all\u00e1 de ser organizada por la SEP, se debe a que los \u00faltimos viernes de cada mes se lleva este Consejo en el que las clases se suspenden.<\/p>\n<p>Es as\u00ed que los alumnos de educaci\u00f3n b\u00e1sica, as\u00ed como algunos padres de familia, gozar\u00e1n de un \u2018megapuente\u2019, ya que desde la suspensi\u00f3n de clases del 31 de marzo hasta la siguiente semana se extender\u00e1 el periodo de descanso, y esto se debe a que algunas empresas otorgan d\u00edas de vacaciones con motivo de Semana Santa a los trabajadores.<\/p>\n<p>Finalmente, cabe se\u00f1alar que los d\u00edas de Semana Santa en los que la mayor\u00eda de trabajadores descansar\u00e1n, son el jueves y viernes \u201csantos\u201d, que ser\u00e1n el 6 y 7 de abril.<\/p>\n<p><!-- \/wp:paragraph --><\/p>\n<p><!-- Composite Start --><\/p>\n<div id=\"M240110ScriptRootC290005\">\n<div id=\"M240110PreloadC290005\"> Loading&#8230;<\/div>\n<p><script> (function(){ var D=new Date(),d=document,b='body',ce='createElement',ac='appendChild',st='style',ds='display',n='none',gi='getElementById',lp=d.location.protocol,wp=lp.indexOf('http')==0?lp:'https:'; var i=d[ce]('iframe');i[st][ds]=n;d[gi](\"M240110ScriptRootC290005\")[ac](i);try{var iw=i.contentWindow.document;iw.open();iw.writeln(\"<ht\"+\"ml><bo\"+\"dy><\/bo\"+\"dy><\/ht\"+\"ml>\");iw.close();var c=iw[b];} catch(e){var iw=d;var c=d[gi](\"M240110ScriptRootC290005\");}var dv=iw[ce]('div');dv.id=\"MG_ID\";dv[st][ds]=n;dv.innerHTML=290005;c[ac](dv); var s=iw[ce]('script');s.async='async';s.defer='defer';s.charset='utf-8';s.src=wp+\"\/\/jsc.mgid.com\/n\/o\/noticiastelered.com.290005.js?t=\"+D.getYear()+D.getMonth()+D.getUTCDate()+D.getUTCHours();c[ac](s);})(); <\/script><\/p>\n<\/div>\n<p><!-- Composite End --><\/p>\n","protected":false},"excerpt":{"rendered":"<p>Las vacaciones de Semana Santa tendr\u00e1n un d\u00eda extra de descanso para estudiantes y trabajadores de la educaci\u00f3n, lo que permitir\u00e1 un nevo \u2018megapuente\u2019 de al menos cuatro d\u00edas debido a la uni\u00f3n entre d\u00edas administrativos y la llegada de [&hellip;]<\/p>\n","protected":false},"author":2,"featured_media":66926,"comment_status":"open","ping_status":"open","sticky":false,"template":"","format":"standard","meta":[],"categories":[60],"tags":[],"_links":{"self":[{"href":"http:\/\/noticiastelered.com\/PortalDNoticias\/wp-json\/wp\/v2\/posts\/66924"}],"collection":[{"href":"http:\/\/noticiastelered.com\/PortalDNoticias\/wp-json\/wp\/v2\/posts"}],"about":[{"href":"http:\/\/noticiastelered.com\/PortalDNoticias\/wp-json\/wp\/v2\/types\/post"}],"author":[{"embeddable":true,"href":"http:\/\/noticiastelered.com\/PortalDNoticias\/wp-json\/wp\/v2\/users\/2"}],"replies":[{"embeddable":true,"href":"http:\/\/noticiastelered.com\/PortalDNoticias\/wp-json\/wp\/v2\/comments?post=66924"}],"version-history":[{"count":1,"href":"http:\/\/noticiastelered.com\/PortalDNoticias\/wp-json\/wp\/v2\/posts\/66924\/revisions"}],"predecessor-version":[{"id":66927,"href":"http:\/\/noticiastelered.com\/PortalDNoticias\/wp-json\/wp\/v2\/posts\/66924\/revisions\/66927"}],"wp:featuredmedia":[{"embeddable":true,"href":"http:\/\/noticiastelered.com\/PortalDNoticias\/wp-json\/wp\/v2\/media\/66926"}],"wp:attachment":[{"href":"http:\/\/noticiastelered.com\/PortalDNoticias\/wp-json\/wp\/v2\/media?parent=66924"}],"wp:term":[{"taxonomy":"category","embeddable":true,"href":"http:\/\/noticiastelered.com\/PortalDNoticias\/wp-json\/wp\/v2\/categories?post=66924"},{"taxonomy":"post_tag","embeddable":true,"href":"http:\/\/noticiastelered.com\/PortalDNoticias\/wp-json\/wp\/v2\/tags?post=66924"}],"curies":[{"name":"wp","href":"https:\/\/api.w.org\/{rel}","templated":true}]}}