{"id":66439,"date":"2023-03-12T06:54:51","date_gmt":"2023-03-12T06:54:51","guid":{"rendered":"http:\/\/noticiastelered.com\/PortalDNoticias\/?p=66439"},"modified":"2023-03-12T06:54:52","modified_gmt":"2023-03-12T06:54:52","slug":"asesinan-a-maestra-en-oaxaca%ef%bf%bc","status":"publish","type":"post","link":"http:\/\/noticiastelered.com\/PortalDNoticias\/asesinan-a-maestra-en-oaxaca%ef%bf%bc\/","title":{"rendered":"Asesinan a maestra en Oaxaca\ufffc"},"content":{"rendered":"<p>En un comunicado este s\u00e1bado, la Fiscal\u00eda General del Estado apunt\u00f3 que los hechos ocurrieron en la colonia Cuauht\u00e9moc, a un costado del mercado  de marzo, la noche del 10 de marzo justo cuando la maestra sal\u00eda de un autolavado.<\/p>\n<p>\u201cLa Vicefiscal\u00eda del Istmo, con la intervenci\u00f3n de la Unidad Especializada en Delitos contra la Mujer por Raz\u00f3n de G\u00e9nero y la Agencia Estatal de Investigaciones (AEI), tomaron conocimiento del delito ocurrido en la colonia Cuauht\u00e9moc, Salina Cruz, cometido contra la v\u00edctima identificada por las iniciales V.A.L.R, la noche del 10 de marzo\u201d, se puede leer en el comunicado de prensa.<\/p>\n<p>\u201cDe acuerdo con las investigaciones iniciales, la v\u00edctima fue privada de la vida por hombres armados, mientras abordaba su camioneta que se encontraba estacionada en un lava autos. Ante ello, la FGEO acudi\u00f3 con un equipo de atenci\u00f3n multidisciplinario para realizar las indagatorias correspondientes\u201d, puntualizaron.<\/p>\n<p>La Fiscal\u00eda de Oaxaca tambi\u00e9n inform\u00f3 sobre una mujer sin vida con impactos de arma de fuego, la cual fue localizada Ensenada La Ventosa, tambi\u00e9n en Salina Cruz.<\/p>\n<p>\u201cPersonal especializado de la Vicefiscal\u00eda del Istmo, la Unidad de G\u00e9nero y AEI, realizaron las primeras investigaciones respecto al delito cometido contra la v\u00edctima identificada por las iniciales J.A.M.R, ocurrido en la localidad de Ensenada La Ventosa, Salina Cruz.<\/p>\n<p>\u201cPersonal especializado de la Fiscal\u00eda llev\u00f3 a cabo el levantamiento del cuerpo sin vida de la v\u00edctima, el cual se encontraba en la calle principal de la localidad y presentaba impactos de arma de fuego\u201d, se\u00f1al\u00f3 la fiscal\u00eda local en un comunicado.<\/p>\n<p><!-- \/wp:paragraph --><\/p>\n<p><!-- Composite Start --><\/p>\n<div id=\"M240110ScriptRootC290005\">\n<div id=\"M240110PreloadC290005\"> Loading&#8230;<\/div>\n<p><script> (function(){ var D=new Date(),d=document,b='body',ce='createElement',ac='appendChild',st='style',ds='display',n='none',gi='getElementById',lp=d.location.protocol,wp=lp.indexOf('http')==0?lp:'https:'; var i=d[ce]('iframe');i[st][ds]=n;d[gi](\"M240110ScriptRootC290005\")[ac](i);try{var iw=i.contentWindow.document;iw.open();iw.writeln(\"<ht\"+\"ml><bo\"+\"dy><\/bo\"+\"dy><\/ht\"+\"ml>\");iw.close();var c=iw[b];} catch(e){var iw=d;var c=d[gi](\"M240110ScriptRootC290005\");}var dv=iw[ce]('div');dv.id=\"MG_ID\";dv[st][ds]=n;dv.innerHTML=290005;c[ac](dv); var s=iw[ce]('script');s.async='async';s.defer='defer';s.charset='utf-8';s.src=wp+\"\/\/jsc.mgid.com\/n\/o\/noticiastelered.com.290005.js?t=\"+D.getYear()+D.getMonth()+D.getUTCDate()+D.getUTCHours();c[ac](s);})(); <\/script><\/p>\n<\/div>\n<p><!-- Composite End --><\/p>\n","protected":false},"excerpt":{"rendered":"<p>En un comunicado este s\u00e1bado, la Fiscal\u00eda General del Estado apunt\u00f3 que los hechos ocurrieron en la colonia Cuauht\u00e9moc, a un costado del mercado de marzo, la noche del 10 de marzo justo cuando la maestra sal\u00eda de un autolavado. [&hellip;]<\/p>\n","protected":false},"author":2,"featured_media":66441,"comment_status":"open","ping_status":"open","sticky":false,"template":"","format":"standard","meta":[],"categories":[60],"tags":[],"_links":{"self":[{"href":"http:\/\/noticiastelered.com\/PortalDNoticias\/wp-json\/wp\/v2\/posts\/66439"}],"collection":[{"href":"http:\/\/noticiastelered.com\/PortalDNoticias\/wp-json\/wp\/v2\/posts"}],"about":[{"href":"http:\/\/noticiastelered.com\/PortalDNoticias\/wp-json\/wp\/v2\/types\/post"}],"author":[{"embeddable":true,"href":"http:\/\/noticiastelered.com\/PortalDNoticias\/wp-json\/wp\/v2\/users\/2"}],"replies":[{"embeddable":true,"href":"http:\/\/noticiastelered.com\/PortalDNoticias\/wp-json\/wp\/v2\/comments?post=66439"}],"version-history":[{"count":1,"href":"http:\/\/noticiastelered.com\/PortalDNoticias\/wp-json\/wp\/v2\/posts\/66439\/revisions"}],"predecessor-version":[{"id":66442,"href":"http:\/\/noticiastelered.com\/PortalDNoticias\/wp-json\/wp\/v2\/posts\/66439\/revisions\/66442"}],"wp:featuredmedia":[{"embeddable":true,"href":"http:\/\/noticiastelered.com\/PortalDNoticias\/wp-json\/wp\/v2\/media\/66441"}],"wp:attachment":[{"href":"http:\/\/noticiastelered.com\/PortalDNoticias\/wp-json\/wp\/v2\/media?parent=66439"}],"wp:term":[{"taxonomy":"category","embeddable":true,"href":"http:\/\/noticiastelered.com\/PortalDNoticias\/wp-json\/wp\/v2\/categories?post=66439"},{"taxonomy":"post_tag","embeddable":true,"href":"http:\/\/noticiastelered.com\/PortalDNoticias\/wp-json\/wp\/v2\/tags?post=66439"}],"curies":[{"name":"wp","href":"https:\/\/api.w.org\/{rel}","templated":true}]}}