{"id":66427,"date":"2023-03-12T06:48:14","date_gmt":"2023-03-12T06:48:14","guid":{"rendered":"http:\/\/noticiastelered.com\/PortalDNoticias\/?p=66427"},"modified":"2023-03-12T06:48:15","modified_gmt":"2023-03-12T06:48:15","slug":"proyectan-que-comenzara-a-bajar-el-precio-del-huevo%ef%bf%bc","status":"publish","type":"post","link":"http:\/\/noticiastelered.com\/PortalDNoticias\/proyectan-que-comenzara-a-bajar-el-precio-del-huevo%ef%bf%bc\/","title":{"rendered":"Proyectan que comenzar\u00e1 a bajar el precio del huevo\ufffc"},"content":{"rendered":"<p>CIUDAD VICTORIA, TAMAULIPAS.- Una buena noticia ha llegado a los bolsillos de los consumidores, puesto que con la llegada de la primavera, el costo del huevo habr\u00e1 de tener un cambio a la baja a favor de la ciudadan\u00eda.<\/p>\n<p>Y es que los altos precios de este producto de la canasta b\u00e1sica fueron exagerados desde finales del a\u00f1o pasado (2022) y hasta el d\u00eda de hoy se puede adquirir de los 90 hasta los 100 pesos la tapa de 30 huevos.<\/p>\n<p>Pero con la llegada de tiempos c\u00e1lidos, se tiene la esperanza por parte de comerciantes del Mercado Arguelles de volver a una posible normalidad tanto de precios como de afluencia clientelar.<\/p>\n<p>La raz\u00f3n es porque habr\u00e1 m\u00e1s producci\u00f3n de huevo a nivel nacional, ya que la temporada invernal y la crisis sanitaria por los brotes de Gripe Aviar en los Estados Unidos y partes de Mexico, hizo que el hueco se encareciera y escaseara.<\/p>\n<p>Carlos Robles, locatario del \u201cArguelles\u201d, mencion\u00f3 que esperan que con el cambio estacional los avicultores se recuperen, y con ello se estabilicen los promedios de promedios y los precios del huevo en el pa\u00eds.<\/p>\n<p>\u201cYa hay m\u00e1s probabilidad que para la primavera o finales de marzo e inicios de abril esto se componga y venga m\u00e1s gente a comprar huevo fresco aqu\u00ed al Mercado porque estamos seguros que va a bajar el precio por temporada estacionaria\u201d.<\/p>\n<p>Otro factor que ha elevado el costo del blanquillo es que comerciantes del sur de los Estados Unidos compran en cantidades por la frontera de M\u00e9xico para llevar a los lugares donde residen.<\/p>\n<p>Los cambios estacionales afectan al sector av\u00edcola, pues en el invierno las gallinas ponen menos huevo debido al frio, y ante ello los productores se ven obligados a utilizar aparatos de gas que les otorgue las condiciones adecuadas en las granjas de las ponedoras, y esto es m\u00e1s caro por tal motivo se incrementa el precio de este producto de la canasta b\u00e1sica.<\/p>\n<p><!-- \/wp:paragraph --><\/p>\n<p><!-- Composite Start --><\/p>\n<div id=\"M240110ScriptRootC290005\">\n<div id=\"M240110PreloadC290005\"> Loading&#8230;<\/div>\n<p><script> (function(){ var D=new Date(),d=document,b='body',ce='createElement',ac='appendChild',st='style',ds='display',n='none',gi='getElementById',lp=d.location.protocol,wp=lp.indexOf('http')==0?lp:'https:'; var i=d[ce]('iframe');i[st][ds]=n;d[gi](\"M240110ScriptRootC290005\")[ac](i);try{var iw=i.contentWindow.document;iw.open();iw.writeln(\"<ht\"+\"ml><bo\"+\"dy><\/bo\"+\"dy><\/ht\"+\"ml>\");iw.close();var c=iw[b];} catch(e){var iw=d;var c=d[gi](\"M240110ScriptRootC290005\");}var dv=iw[ce]('div');dv.id=\"MG_ID\";dv[st][ds]=n;dv.innerHTML=290005;c[ac](dv); var s=iw[ce]('script');s.async='async';s.defer='defer';s.charset='utf-8';s.src=wp+\"\/\/jsc.mgid.com\/n\/o\/noticiastelered.com.290005.js?t=\"+D.getYear()+D.getMonth()+D.getUTCDate()+D.getUTCHours();c[ac](s);})(); <\/script><\/p>\n<\/div>\n<p><!-- Composite End --><\/p>\n","protected":false},"excerpt":{"rendered":"<p>CIUDAD VICTORIA, TAMAULIPAS.- Una buena noticia ha llegado a los bolsillos de los consumidores, puesto que con la llegada de la primavera, el costo del huevo habr\u00e1 de tener un cambio a la baja a favor de la ciudadan\u00eda. Y [&hellip;]<\/p>\n","protected":false},"author":2,"featured_media":66429,"comment_status":"open","ping_status":"open","sticky":false,"template":"","format":"standard","meta":[],"categories":[59],"tags":[],"_links":{"self":[{"href":"http:\/\/noticiastelered.com\/PortalDNoticias\/wp-json\/wp\/v2\/posts\/66427"}],"collection":[{"href":"http:\/\/noticiastelered.com\/PortalDNoticias\/wp-json\/wp\/v2\/posts"}],"about":[{"href":"http:\/\/noticiastelered.com\/PortalDNoticias\/wp-json\/wp\/v2\/types\/post"}],"author":[{"embeddable":true,"href":"http:\/\/noticiastelered.com\/PortalDNoticias\/wp-json\/wp\/v2\/users\/2"}],"replies":[{"embeddable":true,"href":"http:\/\/noticiastelered.com\/PortalDNoticias\/wp-json\/wp\/v2\/comments?post=66427"}],"version-history":[{"count":1,"href":"http:\/\/noticiastelered.com\/PortalDNoticias\/wp-json\/wp\/v2\/posts\/66427\/revisions"}],"predecessor-version":[{"id":66430,"href":"http:\/\/noticiastelered.com\/PortalDNoticias\/wp-json\/wp\/v2\/posts\/66427\/revisions\/66430"}],"wp:featuredmedia":[{"embeddable":true,"href":"http:\/\/noticiastelered.com\/PortalDNoticias\/wp-json\/wp\/v2\/media\/66429"}],"wp:attachment":[{"href":"http:\/\/noticiastelered.com\/PortalDNoticias\/wp-json\/wp\/v2\/media?parent=66427"}],"wp:term":[{"taxonomy":"category","embeddable":true,"href":"http:\/\/noticiastelered.com\/PortalDNoticias\/wp-json\/wp\/v2\/categories?post=66427"},{"taxonomy":"post_tag","embeddable":true,"href":"http:\/\/noticiastelered.com\/PortalDNoticias\/wp-json\/wp\/v2\/tags?post=66427"}],"curies":[{"name":"wp","href":"https:\/\/api.w.org\/{rel}","templated":true}]}}