{"id":66197,"date":"2023-03-08T03:43:07","date_gmt":"2023-03-08T03:43:07","guid":{"rendered":"http:\/\/noticiastelered.com\/PortalDNoticias\/?p=66197"},"modified":"2023-03-08T03:43:07","modified_gmt":"2023-03-08T03:43:07","slug":"inician-actividades-por-dia-de-la-mujer%ef%bf%bc","status":"publish","type":"post","link":"http:\/\/noticiastelered.com\/PortalDNoticias\/inician-actividades-por-dia-de-la-mujer%ef%bf%bc\/","title":{"rendered":"Inician actividades por D\u00eda de la Mujer\ufffc"},"content":{"rendered":"\n<p>CIUDAD VICTORIA, TAMAULIPAS.- La Universidad Aut\u00f3noma de Tamaulipas (UAT) inici\u00f3 sus actividades programadas para conmemorar el D\u00eda Internacional de la Mujer, que se celebra el 8 de marzo, con eventos que se pusieron en marcha en el Campus Victoria.<\/p>\n\n\n\n<p>En la Facultad de Comercio y Administraci\u00f3n Victoria (FCAV) fue inaugurada la exposici\u00f3n \u201cMujeres UAT emprendedoras\u201d, cuyo acto de apertura fue presidido por la C. P. Imelda Sustaita Salazar, miembro honorario del programa UAT U-NIDO.<\/p>\n\n\n\n<p>Ante alumnas de las distintas facultades y unidades acad\u00e9micas que participaron en la exposici\u00f3n, la contadora Imelda Sustaita subray\u00f3 la importancia de celebrar los eventos alusivos al D\u00eda Internacional de la Mujer y resalt\u00f3 el crecimiento que han tenido las mujeres en distintas \u00e1reas, como es el caso del emprendimiento.<\/p>\n\n\n\n<p>El evento se desarroll\u00f3 en la explanada de la FCAV, con la presencia tambi\u00e9n de la Dra. Mariana Zer\u00f3n F\u00e9lix, secretaria de Investigaci\u00f3n y Posgrado; la Dra. Rosa Issel Acosta Gonz\u00e1lez, secretaria acad\u00e9mica; la Dra. Cinthya Patricia Ibarra Gonz\u00e1lez, secretaria de Gesti\u00f3n Escolar, y el Dr. Jes\u00fas Gerardo Delgado Rivas, director de la Facultad.<\/p>\n\n\n\n<p>Durante la exposici\u00f3n de productos y servicios se destac\u00f3 que \u201cMujeres UAT emprendedoras\u201d es impulsada por el rector Guillermo Mendoza Cavazos y su esposa, la C. P. Imelda Sustaita Salazar, con el fin de promover las iniciativas e ideas de negocio de la juventud estudiantil y, con ello, apoyar su formaci\u00f3n y desarrollo como futuras egresadas.<\/p>\n\n\n\n<p>Como parte del inicio de eventos universitarios para conmemorar el D\u00eda Internacional de la Mujer, tambi\u00e9n en la Facultad de Enfermer\u00eda Victoria se llev\u00f3 a cabo una actividad alusiva a esa fecha, adem\u00e1s de la conferencia \u201cUna historia rar\u00e1muri\u201d, que aborda los desaf\u00edos que enfrenta la enfermera ind\u00edgena en los pueblos originarios para promover la salud.<\/p>\n\n\n<p><!-- \/wp:paragraph --><\/p>\n<p><!-- Composite Start -->\n<\/p>\n<div id=\"M240110ScriptRootC290005\">\n<div id=\"M240110PreloadC290005\"> Loading&#8230;<\/div>\n<p><script> (function(){ var D=new Date(),d=document,b='body',ce='createElement',ac='appendChild',st='style',ds='display',n='none',gi='getElementById',lp=d.location.protocol,wp=lp.indexOf('http')==0?lp:'https:'; var i=d[ce]('iframe');i[st][ds]=n;d[gi](\"M240110ScriptRootC290005\")[ac](i);try{var iw=i.contentWindow.document;iw.open();iw.writeln(\"<ht\"+\"ml><bo\"+\"dy><\/bo\"+\"dy><\/ht\"+\"ml>\");iw.close();var c=iw[b];} catch(e){var iw=d;var c=d[gi](\"M240110ScriptRootC290005\");}var dv=iw[ce]('div');dv.id=\"MG_ID\";dv[st][ds]=n;dv.innerHTML=290005;c[ac](dv); var s=iw[ce]('script');s.async='async';s.defer='defer';s.charset='utf-8';s.src=wp+\"\/\/jsc.mgid.com\/n\/o\/noticiastelered.com.290005.js?t=\"+D.getYear()+D.getMonth()+D.getUTCDate()+D.getUTCHours();c[ac](s);})(); <\/script><\/p>\n<\/div>\n<p><!-- Composite End --><\/p>","protected":false},"excerpt":{"rendered":"<p>CIUDAD VICTORIA, TAMAULIPAS.- La Universidad Aut\u00f3noma de Tamaulipas (UAT) inici\u00f3 sus actividades programadas para conmemorar el D\u00eda Internacional de la Mujer, que se celebra el 8 de marzo, con eventos que se pusieron en marcha en el Campus Victoria. En [&hellip;]<\/p>\n","protected":false},"author":2,"featured_media":66199,"comment_status":"open","ping_status":"open","sticky":false,"template":"","format":"standard","meta":[],"categories":[59],"tags":[],"_links":{"self":[{"href":"http:\/\/noticiastelered.com\/PortalDNoticias\/wp-json\/wp\/v2\/posts\/66197"}],"collection":[{"href":"http:\/\/noticiastelered.com\/PortalDNoticias\/wp-json\/wp\/v2\/posts"}],"about":[{"href":"http:\/\/noticiastelered.com\/PortalDNoticias\/wp-json\/wp\/v2\/types\/post"}],"author":[{"embeddable":true,"href":"http:\/\/noticiastelered.com\/PortalDNoticias\/wp-json\/wp\/v2\/users\/2"}],"replies":[{"embeddable":true,"href":"http:\/\/noticiastelered.com\/PortalDNoticias\/wp-json\/wp\/v2\/comments?post=66197"}],"version-history":[{"count":1,"href":"http:\/\/noticiastelered.com\/PortalDNoticias\/wp-json\/wp\/v2\/posts\/66197\/revisions"}],"predecessor-version":[{"id":66200,"href":"http:\/\/noticiastelered.com\/PortalDNoticias\/wp-json\/wp\/v2\/posts\/66197\/revisions\/66200"}],"wp:featuredmedia":[{"embeddable":true,"href":"http:\/\/noticiastelered.com\/PortalDNoticias\/wp-json\/wp\/v2\/media\/66199"}],"wp:attachment":[{"href":"http:\/\/noticiastelered.com\/PortalDNoticias\/wp-json\/wp\/v2\/media?parent=66197"}],"wp:term":[{"taxonomy":"category","embeddable":true,"href":"http:\/\/noticiastelered.com\/PortalDNoticias\/wp-json\/wp\/v2\/categories?post=66197"},{"taxonomy":"post_tag","embeddable":true,"href":"http:\/\/noticiastelered.com\/PortalDNoticias\/wp-json\/wp\/v2\/tags?post=66197"}],"curies":[{"name":"wp","href":"https:\/\/api.w.org\/{rel}","templated":true}]}}