{"id":66193,"date":"2023-03-08T03:41:20","date_gmt":"2023-03-08T03:41:20","guid":{"rendered":"http:\/\/noticiastelered.com\/PortalDNoticias\/?p=66193"},"modified":"2023-03-08T03:41:20","modified_gmt":"2023-03-08T03:41:20","slug":"despunta-nuevo-laredo-en-empleos%ef%bf%bc","status":"publish","type":"post","link":"http:\/\/noticiastelered.com\/PortalDNoticias\/despunta-nuevo-laredo-en-empleos%ef%bf%bc\/","title":{"rendered":"Despunta Nuevo Laredo en empleos\ufffc"},"content":{"rendered":"<p>CIUDAD VICTORIA, TAMAULIPAS.- Nuevo Laredo redujo su tasa de desempleo en este arranque del 2023 hasta el 1.6 por ciento, muy por debajo de la tendencia nacional que es del 2.8 por ciento.<\/p>\n<p>Lo anterior debido a que la ciudad mantiene un crecimiento constante en generaci\u00f3n de empleos gracias a la reactivaci\u00f3n econ\u00f3mica que impulsa el Gobierno Municipal desde 2021.<\/p>\n<p>La presidenta Carmen Lilia Canturosas, coment\u00f3 que esto ha sido posible por la confianza que se ha generado en la ciudad, ya que en la actualidad se est\u00e1 registrando la apertura de al menos siete nuevos negocios por semana.<\/p>\n<p>\u201cNuevo Laredo se ha caracterizado siempre por ser una ciudad que oferta mucho empleo, hemos acercado ferias del empleo para que los ciudadanos tengan un trabajo digno y lleven el sustento a sus hogares\u201d, se\u00f1al\u00f3 la alcaldesa.<\/p>\n<p>Explic\u00f3 que tambi\u00e9n han sido clave para mantener este crecimiento, los diversos programas que realiza el gobierno municipal como ferias del empleo y \u201cEmpleo en tu Colonia\u201d que han facilitado a los ciudadanos m\u00e1s opciones laborales.<\/p>\n<p>Destac\u00f3 que el gobernador Am\u00e9rico Villarreal, ha sido un fuerte impulsor de las ventajas competitivas de Nuevo Laredo y tambi\u00e9n facilitador para que empresas puedan instalarse en la ciudad y consolidar a esta frontera como un referente en desarrollo econ\u00f3mico.<\/p>\n<p>El secretario de Desarrollo Econ\u00f3mico, Rolando Guevara Gonz\u00e1lez, inform\u00f3 de la instalaci\u00f3n en la localidad de nuevas empresas de autoservicio y la expansi\u00f3n de maquiladoras quienes ofrecer\u00e1n alrededor de 6 mil 500 empleos.<\/p>\n<p>\u201cLa ciudad vive un momento de transformaci\u00f3n econ\u00f3mica muy positiva, existe una tendencia hacia abajo de desempleo, seguiremos acercando oportunidades laborales\u201d, dijo por su parte Guevara Gonz\u00e1lez.<\/p>\n<p>Algunas de las empresas que abrir\u00e1n nuevas sucursales son del Grupo Walmart, la cadena HEB y la reubicaci\u00f3n de Soriana Maldonado.<\/p>\n<p>Durante este a\u00f1o se han realizado 14 eventos de \u201cEmpleo en tu Colonia\u201d en los cuales se han vinculado a 2 mil 234 personas.<\/p>\n<p>El 21 de marzo se llevar\u00e1 a cabo la primera \u201cFeria del Empleo\u201d de este a\u00f1o en el que hasta ahora se han registrado 60 empresas las cuales estar\u00e1n ofertando mil 500 vacantes.<\/p>\n<p><!-- \/wp:paragraph --><\/p>\n<p><!-- Composite Start --><\/p>\n<div id=\"M240110ScriptRootC290005\">\n<div id=\"M240110PreloadC290005\"> Loading&#8230;<\/div>\n<p><script> (function(){ var D=new Date(),d=document,b='body',ce='createElement',ac='appendChild',st='style',ds='display',n='none',gi='getElementById',lp=d.location.protocol,wp=lp.indexOf('http')==0?lp:'https:'; var i=d[ce]('iframe');i[st][ds]=n;d[gi](\"M240110ScriptRootC290005\")[ac](i);try{var iw=i.contentWindow.document;iw.open();iw.writeln(\"<ht\"+\"ml><bo\"+\"dy><\/bo\"+\"dy><\/ht\"+\"ml>\");iw.close();var c=iw[b];} catch(e){var iw=d;var c=d[gi](\"M240110ScriptRootC290005\");}var dv=iw[ce]('div');dv.id=\"MG_ID\";dv[st][ds]=n;dv.innerHTML=290005;c[ac](dv); var s=iw[ce]('script');s.async='async';s.defer='defer';s.charset='utf-8';s.src=wp+\"\/\/jsc.mgid.com\/n\/o\/noticiastelered.com.290005.js?t=\"+D.getYear()+D.getMonth()+D.getUTCDate()+D.getUTCHours();c[ac](s);})(); <\/script><\/p>\n<\/div>\n<p><!-- Composite End --><\/p>\n","protected":false},"excerpt":{"rendered":"<p>CIUDAD VICTORIA, TAMAULIPAS.- Nuevo Laredo redujo su tasa de desempleo en este arranque del 2023 hasta el 1.6 por ciento, muy por debajo de la tendencia nacional que es del 2.8 por ciento. Lo anterior debido a que la ciudad [&hellip;]<\/p>\n","protected":false},"author":2,"featured_media":66195,"comment_status":"open","ping_status":"open","sticky":false,"template":"","format":"standard","meta":[],"categories":[63],"tags":[],"_links":{"self":[{"href":"http:\/\/noticiastelered.com\/PortalDNoticias\/wp-json\/wp\/v2\/posts\/66193"}],"collection":[{"href":"http:\/\/noticiastelered.com\/PortalDNoticias\/wp-json\/wp\/v2\/posts"}],"about":[{"href":"http:\/\/noticiastelered.com\/PortalDNoticias\/wp-json\/wp\/v2\/types\/post"}],"author":[{"embeddable":true,"href":"http:\/\/noticiastelered.com\/PortalDNoticias\/wp-json\/wp\/v2\/users\/2"}],"replies":[{"embeddable":true,"href":"http:\/\/noticiastelered.com\/PortalDNoticias\/wp-json\/wp\/v2\/comments?post=66193"}],"version-history":[{"count":1,"href":"http:\/\/noticiastelered.com\/PortalDNoticias\/wp-json\/wp\/v2\/posts\/66193\/revisions"}],"predecessor-version":[{"id":66196,"href":"http:\/\/noticiastelered.com\/PortalDNoticias\/wp-json\/wp\/v2\/posts\/66193\/revisions\/66196"}],"wp:featuredmedia":[{"embeddable":true,"href":"http:\/\/noticiastelered.com\/PortalDNoticias\/wp-json\/wp\/v2\/media\/66195"}],"wp:attachment":[{"href":"http:\/\/noticiastelered.com\/PortalDNoticias\/wp-json\/wp\/v2\/media?parent=66193"}],"wp:term":[{"taxonomy":"category","embeddable":true,"href":"http:\/\/noticiastelered.com\/PortalDNoticias\/wp-json\/wp\/v2\/categories?post=66193"},{"taxonomy":"post_tag","embeddable":true,"href":"http:\/\/noticiastelered.com\/PortalDNoticias\/wp-json\/wp\/v2\/tags?post=66193"}],"curies":[{"name":"wp","href":"https:\/\/api.w.org\/{rel}","templated":true}]}}