{"id":66189,"date":"2023-03-08T03:39:29","date_gmt":"2023-03-08T03:39:29","guid":{"rendered":"http:\/\/noticiastelered.com\/PortalDNoticias\/?p=66189"},"modified":"2023-03-08T03:39:30","modified_gmt":"2023-03-08T03:39:30","slug":"registra-tamaulipas-2-muertes-por-covid%ef%bf%bc","status":"publish","type":"post","link":"http:\/\/noticiastelered.com\/PortalDNoticias\/registra-tamaulipas-2-muertes-por-covid%ef%bf%bc\/","title":{"rendered":"Registra Tamaulipas 2 muertes por Covid\ufffc"},"content":{"rendered":"\n<p>La Secretar\u00eda de Salud en Tamaulipas dio a conocer el reporte oficial de casos de COVID-19 se\u00f1alando que este martes se registraron 38 nuevos pacientes con Coronavirus as\u00ed como 2 personas fallecidas.<\/p>\n\n\n\n<p>Desde el inicio de la pandemia, los casos registrados en Tamaulipas suman 184,043 pacientes y 8,113 defunciones.<\/p>\n\n\n\n<p>Los dos decesos se registraron en los municipios de Reynosa y Tampico, y fueron dos masculinos de 59 y 98 a\u00f1os respectivamente.<\/p>\n\n\n\n<p>En torno al sem\u00e1foro epidemiol\u00f3gico estatal, se detalla que est\u00e1 en verde, y sus 43 municipios tambi\u00e9n est\u00e1n en dicho color, manteni\u00e9ndose as\u00ed desde hace algunas semanas.<\/p>\n\n\n\n<p>Las medidas de prevenci\u00f3n como el lavado frecuente de manos, el uso del cubrebocas y la sana distancia, adem\u00e1s de prevenir los casos de COVID-19, tambi\u00e9n te protege de enfermedades respiratorias, influenza, viruela s\u00edmica, entre otros padecimientos.<\/p>\n\n\n<p><!-- \/wp:paragraph --><\/p>\n<p><!-- Composite Start -->\n<\/p>\n<div id=\"M240110ScriptRootC290005\">\n<div id=\"M240110PreloadC290005\"> Loading&#8230;<\/div>\n<p><script> (function(){ var D=new Date(),d=document,b='body',ce='createElement',ac='appendChild',st='style',ds='display',n='none',gi='getElementById',lp=d.location.protocol,wp=lp.indexOf('http')==0?lp:'https:'; var i=d[ce]('iframe');i[st][ds]=n;d[gi](\"M240110ScriptRootC290005\")[ac](i);try{var iw=i.contentWindow.document;iw.open();iw.writeln(\"<ht\"+\"ml><bo\"+\"dy><\/bo\"+\"dy><\/ht\"+\"ml>\");iw.close();var c=iw[b];} catch(e){var iw=d;var c=d[gi](\"M240110ScriptRootC290005\");}var dv=iw[ce]('div');dv.id=\"MG_ID\";dv[st][ds]=n;dv.innerHTML=290005;c[ac](dv); var s=iw[ce]('script');s.async='async';s.defer='defer';s.charset='utf-8';s.src=wp+\"\/\/jsc.mgid.com\/n\/o\/noticiastelered.com.290005.js?t=\"+D.getYear()+D.getMonth()+D.getUTCDate()+D.getUTCHours();c[ac](s);})(); <\/script><\/p>\n<\/div>\n<p><!-- Composite End --><\/p>","protected":false},"excerpt":{"rendered":"<p>La Secretar\u00eda de Salud en Tamaulipas dio a conocer el reporte oficial de casos de COVID-19 se\u00f1alando que este martes se registraron 38 nuevos pacientes con Coronavirus as\u00ed como 2 personas fallecidas. Desde el inicio de la pandemia, los casos [&hellip;]<\/p>\n","protected":false},"author":2,"featured_media":66191,"comment_status":"open","ping_status":"open","sticky":false,"template":"","format":"standard","meta":[],"categories":[59],"tags":[],"_links":{"self":[{"href":"http:\/\/noticiastelered.com\/PortalDNoticias\/wp-json\/wp\/v2\/posts\/66189"}],"collection":[{"href":"http:\/\/noticiastelered.com\/PortalDNoticias\/wp-json\/wp\/v2\/posts"}],"about":[{"href":"http:\/\/noticiastelered.com\/PortalDNoticias\/wp-json\/wp\/v2\/types\/post"}],"author":[{"embeddable":true,"href":"http:\/\/noticiastelered.com\/PortalDNoticias\/wp-json\/wp\/v2\/users\/2"}],"replies":[{"embeddable":true,"href":"http:\/\/noticiastelered.com\/PortalDNoticias\/wp-json\/wp\/v2\/comments?post=66189"}],"version-history":[{"count":1,"href":"http:\/\/noticiastelered.com\/PortalDNoticias\/wp-json\/wp\/v2\/posts\/66189\/revisions"}],"predecessor-version":[{"id":66192,"href":"http:\/\/noticiastelered.com\/PortalDNoticias\/wp-json\/wp\/v2\/posts\/66189\/revisions\/66192"}],"wp:featuredmedia":[{"embeddable":true,"href":"http:\/\/noticiastelered.com\/PortalDNoticias\/wp-json\/wp\/v2\/media\/66191"}],"wp:attachment":[{"href":"http:\/\/noticiastelered.com\/PortalDNoticias\/wp-json\/wp\/v2\/media?parent=66189"}],"wp:term":[{"taxonomy":"category","embeddable":true,"href":"http:\/\/noticiastelered.com\/PortalDNoticias\/wp-json\/wp\/v2\/categories?post=66189"},{"taxonomy":"post_tag","embeddable":true,"href":"http:\/\/noticiastelered.com\/PortalDNoticias\/wp-json\/wp\/v2\/tags?post=66189"}],"curies":[{"name":"wp","href":"https:\/\/api.w.org\/{rel}","templated":true}]}}