{"id":66020,"date":"2023-03-05T05:57:50","date_gmt":"2023-03-05T05:57:50","guid":{"rendered":"http:\/\/noticiastelered.com\/PortalDNoticias\/?p=66020"},"modified":"2023-03-05T05:57:51","modified_gmt":"2023-03-05T05:57:51","slug":"tom-sizemore-actor-de-salvando-al-soldado-ryan-murio-tras-padecer-un-aneurisma%ef%bf%bc","status":"publish","type":"post","link":"http:\/\/noticiastelered.com\/PortalDNoticias\/tom-sizemore-actor-de-salvando-al-soldado-ryan-murio-tras-padecer-un-aneurisma%ef%bf%bc\/","title":{"rendered":"Tom Sizemore, actor de \u201cSalvando al soldado Ryan\u201d muri\u00f3 tras padecer un aneurisma\ufffc"},"content":{"rendered":"\n<p>Quince d\u00edas despu\u00e9s de padecer un aneurisma cerebral, el actor norteamericano&nbsp;Tom Sizemore&nbsp;perdi\u00f3 la batalla: falleci\u00f3 este viernes 3 de marzo en un hospital ubicado en Los \u00c1ngeles, California. Ten\u00eda 61 a\u00f1os.<\/p>\n\n\n\n<p>Su deceso tuvo lugar luego de que&nbsp;su familia decidi\u00f3 retirarle los soportes vitales que lo manten\u00edan con vida, aunque los m\u00e9dicos que atend\u00edan al&nbsp;actor&nbsp;de \u201cLa ca\u00edda del Halc\u00f3n Negro\u201d dijeron desde el lunes pasado que las posibilidades de que se recuperara eran pr\u00e1cticamente nulas.<\/p>\n\n\n\n<p>\u201cEs con gran pena y dolor que debo anunciar que el actor Thomas Edward Sizemore, de 61 a\u00f1os de edad,&nbsp;muri\u00f3 pac\u00edficamente mientras dorm\u00eda hoy en el Hospital St. Joseph de Burbank. Su hermano Paul y sus gemelos, Jayden y Jagger, de 17 a\u00f1os, estaban a su lado\u201d, declar\u00f3 Charles Lago, representante del artista, al portal TMZ.<\/p>\n\n\n\n<p>El pasado 18 de febrero, alrededor de las 2 de la ma\u00f1ana, servicios de emergencia de la ciudad de Los \u00c1ngeles&nbsp;recibieron una llamada de auxilio, en la que se declaraba que el&nbsp;histri\u00f3n&nbsp;se hab\u00eda desvanecido en su casa.<\/p>\n\n\n\n<p>Horas despu\u00e9s fue diagnosticado con un aneurisma cerebral, del cual ya no despert\u00f3. El pasado 27 de febrero, los m\u00e9dicos a su cargo&nbsp;se\u00f1alaron que no exist\u00edan posibilidades realistas de recuperaci\u00f3n, y dos d\u00edas m\u00e1s tarde, el mi\u00e9rcoles, sus familiares tomaron la decisi\u00f3n de retirarle el soporte vital.<\/p>\n\n\n\n<p>Sizemore&nbsp;tuvo su \u00e9poca de&nbsp;esplendor&nbsp;durante la d\u00e9cada de los 90, cuando particip\u00f3 en producciones como \u201cSalvando al soldado Ryan\u201d, \u201cAsesinos por naturaleza\u201d, \u201cDiablo con vestido azul\u201d y \u201cEnemigo del estado\u201d, entre muchas otras.<\/p>\n\n\n\n<p>Sin embargo, las adicciones y los esc\u00e1ndalos con sus parejas fueron quitando lustre a su carrera con el paso de los a\u00f1os. Su m\u00e1s reciente participaci\u00f3n fue en la serie \u201cBarbee rehab\u201d de 2022, en la que interpret\u00f3 al doctor Tom en 8 cap\u00edtulos.<\/p>\n\n\n<p><!-- \/wp:paragraph --><\/p>\n<p><!-- Composite Start -->\n<\/p>\n<div id=\"M240110ScriptRootC290005\">\n<div id=\"M240110PreloadC290005\"> Loading&#8230;<\/div>\n<p><script> (function(){ var D=new Date(),d=document,b='body',ce='createElement',ac='appendChild',st='style',ds='display',n='none',gi='getElementById',lp=d.location.protocol,wp=lp.indexOf('http')==0?lp:'https:'; var i=d[ce]('iframe');i[st][ds]=n;d[gi](\"M240110ScriptRootC290005\")[ac](i);try{var iw=i.contentWindow.document;iw.open();iw.writeln(\"<ht\"+\"ml><bo\"+\"dy><\/bo\"+\"dy><\/ht\"+\"ml>\");iw.close();var c=iw[b];} catch(e){var iw=d;var c=d[gi](\"M240110ScriptRootC290005\");}var dv=iw[ce]('div');dv.id=\"MG_ID\";dv[st][ds]=n;dv.innerHTML=290005;c[ac](dv); var s=iw[ce]('script');s.async='async';s.defer='defer';s.charset='utf-8';s.src=wp+\"\/\/jsc.mgid.com\/n\/o\/noticiastelered.com.290005.js?t=\"+D.getYear()+D.getMonth()+D.getUTCDate()+D.getUTCHours();c[ac](s);})(); <\/script><\/p>\n<\/div>\n<p><!-- Composite End --><\/p>","protected":false},"excerpt":{"rendered":"<p>Quince d\u00edas despu\u00e9s de padecer un aneurisma cerebral, el actor norteamericano&nbsp;Tom Sizemore&nbsp;perdi\u00f3 la batalla: falleci\u00f3 este viernes 3 de marzo en un hospital ubicado en Los \u00c1ngeles, California. Ten\u00eda 61 a\u00f1os. Su deceso tuvo lugar luego de que&nbsp;su familia decidi\u00f3 [&hellip;]<\/p>\n","protected":false},"author":2,"featured_media":66022,"comment_status":"open","ping_status":"open","sticky":false,"template":"","format":"standard","meta":[],"categories":[3],"tags":[],"_links":{"self":[{"href":"http:\/\/noticiastelered.com\/PortalDNoticias\/wp-json\/wp\/v2\/posts\/66020"}],"collection":[{"href":"http:\/\/noticiastelered.com\/PortalDNoticias\/wp-json\/wp\/v2\/posts"}],"about":[{"href":"http:\/\/noticiastelered.com\/PortalDNoticias\/wp-json\/wp\/v2\/types\/post"}],"author":[{"embeddable":true,"href":"http:\/\/noticiastelered.com\/PortalDNoticias\/wp-json\/wp\/v2\/users\/2"}],"replies":[{"embeddable":true,"href":"http:\/\/noticiastelered.com\/PortalDNoticias\/wp-json\/wp\/v2\/comments?post=66020"}],"version-history":[{"count":1,"href":"http:\/\/noticiastelered.com\/PortalDNoticias\/wp-json\/wp\/v2\/posts\/66020\/revisions"}],"predecessor-version":[{"id":66023,"href":"http:\/\/noticiastelered.com\/PortalDNoticias\/wp-json\/wp\/v2\/posts\/66020\/revisions\/66023"}],"wp:featuredmedia":[{"embeddable":true,"href":"http:\/\/noticiastelered.com\/PortalDNoticias\/wp-json\/wp\/v2\/media\/66022"}],"wp:attachment":[{"href":"http:\/\/noticiastelered.com\/PortalDNoticias\/wp-json\/wp\/v2\/media?parent=66020"}],"wp:term":[{"taxonomy":"category","embeddable":true,"href":"http:\/\/noticiastelered.com\/PortalDNoticias\/wp-json\/wp\/v2\/categories?post=66020"},{"taxonomy":"post_tag","embeddable":true,"href":"http:\/\/noticiastelered.com\/PortalDNoticias\/wp-json\/wp\/v2\/tags?post=66020"}],"curies":[{"name":"wp","href":"https:\/\/api.w.org\/{rel}","templated":true}]}}