{"id":66016,"date":"2023-03-05T05:55:53","date_gmt":"2023-03-05T05:55:53","guid":{"rendered":"http:\/\/noticiastelered.com\/PortalDNoticias\/?p=66016"},"modified":"2023-03-05T05:55:53","modified_gmt":"2023-03-05T05:55:53","slug":"reaparece-rebeca-jones-y-preocupa-a-fans-por-su-salud%ef%bf%bc","status":"publish","type":"post","link":"http:\/\/noticiastelered.com\/PortalDNoticias\/reaparece-rebeca-jones-y-preocupa-a-fans-por-su-salud%ef%bf%bc\/","title":{"rendered":"Reaparece Rebeca Jones y preocupa a fans por su salud\ufffc"},"content":{"rendered":"\n<p>Destacada por sus melodramas y actuaciones que le han hecho valer gran reconocimiento de su carrera en la pantalla de telenovelas mexicanas&nbsp;Rebeca Jones&nbsp;es una de las grandes figuras del medio art\u00edstico latino.<\/p>\n\n\n\n<p>Precisamente por ello la salud de la actriz es uno de los temas que m\u00e1s preocupa&nbsp;a sus fan\u00e1ticos luego de hacerse p\u00fablico que enfrent\u00f3 el c\u00e1ncer de ovario.<\/p>\n\n\n\n<p>Su salida abrupta de la telenovela \u2018Cabo\u2019&nbsp;la cual estaba grabando en 2022 fue lo que alert\u00f3 a sus seguidores, quienes s\u00f3lo conocieron la versi\u00f3n dada por el equipo de prensa de la&nbsp;actriz: present\u00f3 una infecci\u00f3n pulmonar que termin\u00f3 por desarrollarle una neumon\u00eda.<\/p>\n\n\n\n<p>Esas declaraciones fueron a finales de noviembre pasado lo que provoc\u00f3 que saliera de la telenovela estelar de Televisa y que era producida por&nbsp;Jos\u00e9 Alberto Castro.<\/p>\n\n\n\n<p>Jones se mantuvo reservada de aparecer p\u00fablicamente, aunque desde su cuenta de Instagram retom\u00f3 el contacto con sus fan\u00e1ticos.<\/p>\n\n\n\n<p>Una de las preocupaciones&nbsp;de los fan\u00e1ticos es la delgadez de Jones, de hecho ella mencion\u00f3 algo de ese tema desde su cuenta de<br>Instagram cuando poste\u00f3 una fotograf\u00eda junto a unos amigos.<\/p>\n\n\n\n<p>\u201cCon unos kilitos de menos pero con exceso de amor&nbsp;y muchas ganas de vivir y volver a las andadas, deseo para todos un muy feliz y vital 2023!!!!\u201d, escribi\u00f3 en ese mensaje la actriz.<\/p>\n\n\n\n<p>Y fue as\u00ed que luci\u00f3 en las fotos compartidas y en las que se ve rodeada de compa\u00f1eros del filme y de su responsable de&nbsp;prensa Danna V\u00e1zquez.<\/p>\n\n\n\n<p>Aunque no fue oficial medios rumoraron&nbsp;que le fue detectado c\u00e1ncer de pulm\u00f3n, lo cierto es que ella insisti\u00f3 que se trat\u00f3 de una infecci\u00f3n grave.<\/p>\n\n\n\n<p>\u201cMe ingresaron con neumon\u00eda por bichos muy agresivos&nbsp;que se me metieron al pulm\u00f3n. Los doctores me salvaron, me tuvieron en terapia intensiva, me intubaron\u2026 yo estaba m\u00e1s pa\u2019 all\u00e1 que pa\u2019 ac\u00e1, firm\u00e9 que me intubaran y gracias a la intubaci\u00f3n me salvaron\u201d, dijo a la revista Caras en una entrevista telef\u00f3nica.<\/p>\n\n\n\n<p>Por ahora la famosa sigue alejada de los medios,&nbsp;los foros de grabaci\u00f3n o escenarios de teatro todo para estar concentrada en recuperar su salud.<\/p>\n\n\n\n<p>Mientras&nbsp;comparte con sus fan\u00e1ticos mensajes&nbsp;desde su cuenta de Instagram.<\/p>\n\n\n<p><!-- \/wp:paragraph --><\/p>\n<p><!-- Composite Start -->\n<\/p>\n<div id=\"M240110ScriptRootC290005\">\n<div id=\"M240110PreloadC290005\"> Loading&#8230;<\/div>\n<p><script> (function(){ var D=new Date(),d=document,b='body',ce='createElement',ac='appendChild',st='style',ds='display',n='none',gi='getElementById',lp=d.location.protocol,wp=lp.indexOf('http')==0?lp:'https:'; var i=d[ce]('iframe');i[st][ds]=n;d[gi](\"M240110ScriptRootC290005\")[ac](i);try{var iw=i.contentWindow.document;iw.open();iw.writeln(\"<ht\"+\"ml><bo\"+\"dy><\/bo\"+\"dy><\/ht\"+\"ml>\");iw.close();var c=iw[b];} catch(e){var iw=d;var c=d[gi](\"M240110ScriptRootC290005\");}var dv=iw[ce]('div');dv.id=\"MG_ID\";dv[st][ds]=n;dv.innerHTML=290005;c[ac](dv); var s=iw[ce]('script');s.async='async';s.defer='defer';s.charset='utf-8';s.src=wp+\"\/\/jsc.mgid.com\/n\/o\/noticiastelered.com.290005.js?t=\"+D.getYear()+D.getMonth()+D.getUTCDate()+D.getUTCHours();c[ac](s);})(); <\/script><\/p>\n<\/div>\n<p><!-- Composite End --><\/p>","protected":false},"excerpt":{"rendered":"<p>Destacada por sus melodramas y actuaciones que le han hecho valer gran reconocimiento de su carrera en la pantalla de telenovelas mexicanas&nbsp;Rebeca Jones&nbsp;es una de las grandes figuras del medio art\u00edstico latino. Precisamente por ello la salud de la actriz [&hellip;]<\/p>\n","protected":false},"author":2,"featured_media":66018,"comment_status":"open","ping_status":"open","sticky":false,"template":"","format":"standard","meta":[],"categories":[3],"tags":[],"_links":{"self":[{"href":"http:\/\/noticiastelered.com\/PortalDNoticias\/wp-json\/wp\/v2\/posts\/66016"}],"collection":[{"href":"http:\/\/noticiastelered.com\/PortalDNoticias\/wp-json\/wp\/v2\/posts"}],"about":[{"href":"http:\/\/noticiastelered.com\/PortalDNoticias\/wp-json\/wp\/v2\/types\/post"}],"author":[{"embeddable":true,"href":"http:\/\/noticiastelered.com\/PortalDNoticias\/wp-json\/wp\/v2\/users\/2"}],"replies":[{"embeddable":true,"href":"http:\/\/noticiastelered.com\/PortalDNoticias\/wp-json\/wp\/v2\/comments?post=66016"}],"version-history":[{"count":1,"href":"http:\/\/noticiastelered.com\/PortalDNoticias\/wp-json\/wp\/v2\/posts\/66016\/revisions"}],"predecessor-version":[{"id":66019,"href":"http:\/\/noticiastelered.com\/PortalDNoticias\/wp-json\/wp\/v2\/posts\/66016\/revisions\/66019"}],"wp:featuredmedia":[{"embeddable":true,"href":"http:\/\/noticiastelered.com\/PortalDNoticias\/wp-json\/wp\/v2\/media\/66018"}],"wp:attachment":[{"href":"http:\/\/noticiastelered.com\/PortalDNoticias\/wp-json\/wp\/v2\/media?parent=66016"}],"wp:term":[{"taxonomy":"category","embeddable":true,"href":"http:\/\/noticiastelered.com\/PortalDNoticias\/wp-json\/wp\/v2\/categories?post=66016"},{"taxonomy":"post_tag","embeddable":true,"href":"http:\/\/noticiastelered.com\/PortalDNoticias\/wp-json\/wp\/v2\/tags?post=66016"}],"curies":[{"name":"wp","href":"https:\/\/api.w.org\/{rel}","templated":true}]}}