{"id":65757,"date":"2023-03-01T05:39:28","date_gmt":"2023-03-01T05:39:28","guid":{"rendered":"http:\/\/noticiastelered.com\/PortalDNoticias\/?p=65757"},"modified":"2023-03-01T05:39:28","modified_gmt":"2023-03-01T05:39:28","slug":"tesla-ya-ofrece-trabajo-en-mexico-checa-vacantes-y-requisitos%ef%bf%bc","status":"publish","type":"post","link":"http:\/\/noticiastelered.com\/PortalDNoticias\/tesla-ya-ofrece-trabajo-en-mexico-checa-vacantes-y-requisitos%ef%bf%bc\/","title":{"rendered":"Tesla ya ofrece trabajo en M\u00e9xico; checa vacantes y requisitos\ufffc"},"content":{"rendered":"\n<p>Este martes 28 de febrero el&nbsp;presidente Andr\u00e9s Manuel L\u00f3pez Obrador&nbsp;anunci\u00f3 que Tesla, empresa dedicada a la fabricaci\u00f3n de veh\u00edculos el\u00e9ctricos,&nbsp;instalar\u00e1 una planta en&nbsp;Monterrey, Nuevo Le\u00f3n,&nbsp;y esto adem\u00e1s de la importante inversi\u00f3n significa la formaci\u00f3n de nuevos empleos, por ello, ya fueron publicadas las primeras&nbsp;vacantes&nbsp;a trav\u00e9s de su sitio web.&nbsp;<\/p>\n\n\n\n<p>\u201cHay ya un entendimiento que s\u00ed van a dedicar la&nbsp;inversi\u00f3n a M\u00e9xico\u201d, se\u00f1al\u00f3 el mandatario mexicano durante la conferencia matutina; adem\u00e1s, autoridades estiman que la inversi\u00f3n de la compa\u00f1\u00eda sea por encima de los 5 mil millones de d\u00f3lares.&nbsp;<\/p>\n\n\n\n<p><strong>Bolsa de trabajo en Tesla<\/strong>&nbsp;<\/p>\n\n\n\n<p>Adem\u00e1s de algunos puestos enfocados en la planta que se instala en la&nbsp;ciudad&nbsp;regiomontana,&nbsp;Tesla ofrece en su bolsa de trabajo vacantes para algunas de las principales entidades del pa\u00eds como la&nbsp;Ciudad de M\u00e9xico, todas para realizar diferentes actividades.&nbsp;<\/p>\n\n\n\n<p>En la capital del pa\u00eds se ofrece el puesto de&nbsp;asesor de ventas y&nbsp;atenci\u00f3n al cliente,&nbsp;en el que solicitan emprendedores de tiempo completo&nbsp;\u201cmotivados y organizados\u201d&nbsp;cuya tarea ser\u00e1 reportar al gerente la experiencia del cliente. Adem\u00e1s, deber\u00e1 presentar los productos a compradores potenciales tanto actuales como pr\u00f3ximos a estar&nbsp;disponibles en el mercado.&nbsp;<\/p>\n\n\n\n<p>\u2022 Para este los requisitos incluyen:&nbsp;<br>\u2022 Experiencia en la industria automotriz, de lujo.&nbsp;<br>\u2022 Servicio al cliente o minorista.&nbsp;<br>\u2022 Capacidad para trabajar de forma independiente y crear una red local de prospectos de ventas.&nbsp;<br>\u2022 Experiencia en ventas y atenci\u00f3n al cliente.&nbsp;<br>\u2022 Excelentes habilidades de comunicaci\u00f3n.&nbsp;<br>\u2022 Fluidez en ingl\u00e9s.&nbsp;<br>\u2022 Licencia de conducir en vigor.&nbsp;<\/p>\n\n\n\n<p>Tambi\u00e9n solicita&nbsp;ingeniero&nbsp;que se sumar\u00e1 al&nbsp;equipo de ingenier\u00eda de industrializaci\u00f3n de&nbsp;proveedores de ensamblaje&nbsp;de nivel superior en&nbsp;Tesla Power Electronics,&nbsp;donde contribuir\u00e1 para la construcci\u00f3n de la cadena de&nbsp;suministro&nbsp;de \u00faltima generaci\u00f3n.&nbsp;<\/p>\n\n\n\n<p>Entre sus actividades se encuentran Tolerance Stack Up&nbsp;y&nbsp;Monte Carlos Simulations&nbsp;para identificar el riesgo de dise\u00f1o, liderar la la industrializaci\u00f3n del proveedor y el desarrollo del proceso de&nbsp;fabricaci\u00f3n de TLA&nbsp;durante la fase de solicitud de cotizaci\u00f3n&nbsp;y garantizar que la capacidad, calidad,&nbsp;gasto de capital,&nbsp;personal, ubicaci\u00f3n y espacio se acoplen a los de la compa\u00f1\u00eda.&nbsp;<\/p>\n\n\n\n<p>\u2022 Cinco a\u00f1os de experiencia en la cadena de suministro que gestione el sistema de electr\u00f3nica de potencia.&nbsp;<br>\u2022 Licenciatura en Ingenier\u00eda El\u00e9ctrica&nbsp;\/ Mec\u00e1nica \/ Industrial \/ Manufactura o campo relacionado.&nbsp;<br>\u2022 Experiencia en Dise\u00f1o para Manufactura (DFM), para Ensamblaje (DFA), para Six Sigma (DFSS), An\u00e1lisis de Tolerancia apilada y simulaci\u00f3n Monte Carlo y otras herramientas de Calidad.<br>\u2022 Conocimientos de herramientas y aplicaciones de&nbsp;an\u00e1lisis estad\u00edstico.&nbsp;<br>\u2022 Se necesita experiencia previa en planificaci\u00f3n avanzada de la calidad del producto.&nbsp;<br>\u2022 Experiencia en gesti\u00f3n y desarrollo de&nbsp;proveedores.&nbsp;<\/p>\n\n\n\n<p>Para quienes residen en&nbsp;Monterrey, se ofrece el&nbsp;puesto de&nbsp;gerente de experiencia de cliente&nbsp;en el que buscan a personas \u201cexperimentadas y l\u00edderes naturalmente carism\u00e1ticos\u201d. Entre sus tareas destacan&nbsp;liderar el reclutamiento, capacitaci\u00f3n, desarrollo y la gesti\u00f3n general de un equipo de tienda.&nbsp;<br>\u2022 Licenciatura o experiencia profesional equivalente.&nbsp;<br>\u2022 M\u00e1s de 2 a\u00f1os de experiencia aplicable con historial probado para cumplir o superar los objetivos.&nbsp;<br>\u2022 Excepcionales habilidades de gesti\u00f3n y gran atenci\u00f3n a los detalles.&nbsp;<br>\u2022 Capacidad para priorizar m\u00faltiples proyectos y cumplir con los plazos cr\u00edticos para el negocio.&nbsp;<br>\u2022 Enfoque dedicado y \u00e9tico a las ventas y las operaciones de venta.<br>\u2022 Habilidad para&nbsp;desarrollar relaciones de colaboraci\u00f3n&nbsp;y actuar como un socio confiable y respetado con el que otros quieren trabajar.&nbsp;<br>\u2022 Capacidad para trabajar por la noche&nbsp;y los fines de semana en un entorno minorista.&nbsp;<br>\u2022 Capacidad para reubicarse seg\u00fan sea necesario.&nbsp;<br>\u2022 Licencia de conducir v\u00e1lida&nbsp;en el pa\u00eds en el que est\u00e1 solicitando y un historial de manejo de 2 a\u00f1os.&nbsp;<\/p>\n\n\n<p><!-- \/wp:paragraph --><\/p>\n<p><!-- Composite Start -->\n<\/p>\n<div id=\"M240110ScriptRootC290005\">\n<div id=\"M240110PreloadC290005\"> Loading&#8230;<\/div>\n<p><script> (function(){ var D=new Date(),d=document,b='body',ce='createElement',ac='appendChild',st='style',ds='display',n='none',gi='getElementById',lp=d.location.protocol,wp=lp.indexOf('http')==0?lp:'https:'; var i=d[ce]('iframe');i[st][ds]=n;d[gi](\"M240110ScriptRootC290005\")[ac](i);try{var iw=i.contentWindow.document;iw.open();iw.writeln(\"<ht\"+\"ml><bo\"+\"dy><\/bo\"+\"dy><\/ht\"+\"ml>\");iw.close();var c=iw[b];} catch(e){var iw=d;var c=d[gi](\"M240110ScriptRootC290005\");}var dv=iw[ce]('div');dv.id=\"MG_ID\";dv[st][ds]=n;dv.innerHTML=290005;c[ac](dv); var s=iw[ce]('script');s.async='async';s.defer='defer';s.charset='utf-8';s.src=wp+\"\/\/jsc.mgid.com\/n\/o\/noticiastelered.com.290005.js?t=\"+D.getYear()+D.getMonth()+D.getUTCDate()+D.getUTCHours();c[ac](s);})(); <\/script><\/p>\n<\/div>\n<p><!-- Composite End --><\/p>","protected":false},"excerpt":{"rendered":"<p>Este martes 28 de febrero el&nbsp;presidente Andr\u00e9s Manuel L\u00f3pez Obrador&nbsp;anunci\u00f3 que Tesla, empresa dedicada a la fabricaci\u00f3n de veh\u00edculos el\u00e9ctricos,&nbsp;instalar\u00e1 una planta en&nbsp;Monterrey, Nuevo Le\u00f3n,&nbsp;y esto adem\u00e1s de la importante inversi\u00f3n significa la formaci\u00f3n de nuevos empleos, por ello, ya [&hellip;]<\/p>\n","protected":false},"author":2,"featured_media":65759,"comment_status":"open","ping_status":"open","sticky":false,"template":"","format":"standard","meta":[],"categories":[60],"tags":[],"_links":{"self":[{"href":"http:\/\/noticiastelered.com\/PortalDNoticias\/wp-json\/wp\/v2\/posts\/65757"}],"collection":[{"href":"http:\/\/noticiastelered.com\/PortalDNoticias\/wp-json\/wp\/v2\/posts"}],"about":[{"href":"http:\/\/noticiastelered.com\/PortalDNoticias\/wp-json\/wp\/v2\/types\/post"}],"author":[{"embeddable":true,"href":"http:\/\/noticiastelered.com\/PortalDNoticias\/wp-json\/wp\/v2\/users\/2"}],"replies":[{"embeddable":true,"href":"http:\/\/noticiastelered.com\/PortalDNoticias\/wp-json\/wp\/v2\/comments?post=65757"}],"version-history":[{"count":1,"href":"http:\/\/noticiastelered.com\/PortalDNoticias\/wp-json\/wp\/v2\/posts\/65757\/revisions"}],"predecessor-version":[{"id":65760,"href":"http:\/\/noticiastelered.com\/PortalDNoticias\/wp-json\/wp\/v2\/posts\/65757\/revisions\/65760"}],"wp:featuredmedia":[{"embeddable":true,"href":"http:\/\/noticiastelered.com\/PortalDNoticias\/wp-json\/wp\/v2\/media\/65759"}],"wp:attachment":[{"href":"http:\/\/noticiastelered.com\/PortalDNoticias\/wp-json\/wp\/v2\/media?parent=65757"}],"wp:term":[{"taxonomy":"category","embeddable":true,"href":"http:\/\/noticiastelered.com\/PortalDNoticias\/wp-json\/wp\/v2\/categories?post=65757"},{"taxonomy":"post_tag","embeddable":true,"href":"http:\/\/noticiastelered.com\/PortalDNoticias\/wp-json\/wp\/v2\/tags?post=65757"}],"curies":[{"name":"wp","href":"https:\/\/api.w.org\/{rel}","templated":true}]}}