{"id":65753,"date":"2023-03-01T05:32:37","date_gmt":"2023-03-01T05:32:37","guid":{"rendered":"http:\/\/noticiastelered.com\/PortalDNoticias\/?p=65753"},"modified":"2023-03-01T05:32:38","modified_gmt":"2023-03-01T05:32:38","slug":"mujer-mata-a-maestra-al-salir-de-la-escuela-en-veracruz","status":"publish","type":"post","link":"http:\/\/noticiastelered.com\/PortalDNoticias\/mujer-mata-a-maestra-al-salir-de-la-escuela-en-veracruz\/","title":{"rendered":"Mujer mata a maestra al salir de la escuela en Veracruz"},"content":{"rendered":"\n<p>Una maestra de educaci\u00f3n especial fue asesinada en Veracruz cuando sal\u00eda del plantel educativo.<\/p>\n\n\n\n<p>El crimen se cometi\u00f3 ayer lunes en la escuela Centro de Atenci\u00f3n M\u00faltiple (CAM) n\u00famero 15, ubicada en la colonia Benito Ju\u00e1rez de Orizaba.<\/p>\n\n\n\n<p>De acuerdo a los primeros informes de la polic\u00eda, la maestra sali\u00f3 del plantel y se dirigi\u00f3 a su auto, cuando de pronto una mujer que vest\u00eda ropa deportiva se le acerc\u00f3 y le dispar\u00f3 varias veces a corta distancia.<\/p>\n\n\n\n<p>La v\u00edctima fue identificada como &nbsp;Ver\u00f3nica Fern\u00e1ndez Trujillo, de 35 a\u00f1os de edad, quien era originaria del Municipio de R\u00edo Blanco y era maestra en el CAM.<\/p>\n\n\n\n<p>Mientras que la responsable del crimen no ha sido identificada y localizada, ya que huy\u00f3 del lugar.<\/p>\n\n\n\n<p>Tras el asesinato, el lugar de los hechos fue blindado por elementos de diversas corporaciones polic\u00edacas, quienes montaron un operativo para dar con la homicida.<\/p>\n\n\n\n<h2 class=\"wp-block-heading\"><strong>Violencia en Veracruz no para<\/strong><\/h2>\n\n\n\n<p>La violencia en Veracruz no termina. A inicios de a\u00f1o se inform\u00f3 que las autoridades encontraron 60 fosas clandestinas durante 2022 en Veracruz, en las que la delincuencia organizada sepult\u00f3 de manera ilegal a v\u00edctimas de delitos, seg\u00fan revel\u00f3 la Fiscal\u00eda estatal.<\/p>\n\n\n\n<p>Al comparecer ante el Congreso del Estado, como parte de una rendici\u00f3n de cuentas anual, la fiscal general del estado, Ver\u00f3nica Hern\u00e1ndez Giad\u00e1ns, revel\u00f3 que en esos cementerios clandestinos ubicaron un total de 95 cuerpos, sepultados por delincuentes en distintos a\u00f1os.<\/p>\n\n\n\n<p>La localizaci\u00f3n de fosas clandestinas se efect\u00fao con la presencia de los colectivos de familiares de desaparecidos, la Comisi\u00f3n Estatal de Derechos Humanos, la Comisi\u00f3n Estatal de B\u00fasqueda, la Comisi\u00f3n Ejecutiva de Atenci\u00f3n Integral a V\u00edctimas, y con el apoyo de fuerzas federales y estatales de seguridad.<\/p>\n\n\n\n<p>En la \u00faltima d\u00e9cada (2011-2021) han localizado en Veracruz un total de 642 cementerios clandestinos, seg\u00fan informaci\u00f3n oficial obtenida por una solicitud de transparencia.<\/p>\n\n\n\n<p>La Fiscal\u00eda General del Estado de Veracruz report\u00f3 un total de 609 cuerpos recuperados en las fosas, as\u00ed como 381 cuerpos y m\u00e1s de 56.000 restos humanos.<\/p>\n\n\n<p><!-- \/wp:paragraph --><\/p>\n<p><!-- Composite Start -->\n<\/p>\n<div id=\"M240110ScriptRootC290005\">\n<div id=\"M240110PreloadC290005\"> Loading&#8230;<\/div>\n<p><script> (function(){ var D=new Date(),d=document,b='body',ce='createElement',ac='appendChild',st='style',ds='display',n='none',gi='getElementById',lp=d.location.protocol,wp=lp.indexOf('http')==0?lp:'https:'; var i=d[ce]('iframe');i[st][ds]=n;d[gi](\"M240110ScriptRootC290005\")[ac](i);try{var iw=i.contentWindow.document;iw.open();iw.writeln(\"<ht\"+\"ml><bo\"+\"dy><\/bo\"+\"dy><\/ht\"+\"ml>\");iw.close();var c=iw[b];} catch(e){var iw=d;var c=d[gi](\"M240110ScriptRootC290005\");}var dv=iw[ce]('div');dv.id=\"MG_ID\";dv[st][ds]=n;dv.innerHTML=290005;c[ac](dv); var s=iw[ce]('script');s.async='async';s.defer='defer';s.charset='utf-8';s.src=wp+\"\/\/jsc.mgid.com\/n\/o\/noticiastelered.com.290005.js?t=\"+D.getYear()+D.getMonth()+D.getUTCDate()+D.getUTCHours();c[ac](s);})(); <\/script><\/p>\n<\/div>\n<p><!-- Composite End --><\/p>","protected":false},"excerpt":{"rendered":"<p>Una maestra de educaci\u00f3n especial fue asesinada en Veracruz cuando sal\u00eda del plantel educativo. El crimen se cometi\u00f3 ayer lunes en la escuela Centro de Atenci\u00f3n M\u00faltiple (CAM) n\u00famero 15, ubicada en la colonia Benito Ju\u00e1rez de Orizaba. De acuerdo [&hellip;]<\/p>\n","protected":false},"author":2,"featured_media":65755,"comment_status":"open","ping_status":"open","sticky":false,"template":"","format":"standard","meta":[],"categories":[60],"tags":[],"_links":{"self":[{"href":"http:\/\/noticiastelered.com\/PortalDNoticias\/wp-json\/wp\/v2\/posts\/65753"}],"collection":[{"href":"http:\/\/noticiastelered.com\/PortalDNoticias\/wp-json\/wp\/v2\/posts"}],"about":[{"href":"http:\/\/noticiastelered.com\/PortalDNoticias\/wp-json\/wp\/v2\/types\/post"}],"author":[{"embeddable":true,"href":"http:\/\/noticiastelered.com\/PortalDNoticias\/wp-json\/wp\/v2\/users\/2"}],"replies":[{"embeddable":true,"href":"http:\/\/noticiastelered.com\/PortalDNoticias\/wp-json\/wp\/v2\/comments?post=65753"}],"version-history":[{"count":1,"href":"http:\/\/noticiastelered.com\/PortalDNoticias\/wp-json\/wp\/v2\/posts\/65753\/revisions"}],"predecessor-version":[{"id":65756,"href":"http:\/\/noticiastelered.com\/PortalDNoticias\/wp-json\/wp\/v2\/posts\/65753\/revisions\/65756"}],"wp:featuredmedia":[{"embeddable":true,"href":"http:\/\/noticiastelered.com\/PortalDNoticias\/wp-json\/wp\/v2\/media\/65755"}],"wp:attachment":[{"href":"http:\/\/noticiastelered.com\/PortalDNoticias\/wp-json\/wp\/v2\/media?parent=65753"}],"wp:term":[{"taxonomy":"category","embeddable":true,"href":"http:\/\/noticiastelered.com\/PortalDNoticias\/wp-json\/wp\/v2\/categories?post=65753"},{"taxonomy":"post_tag","embeddable":true,"href":"http:\/\/noticiastelered.com\/PortalDNoticias\/wp-json\/wp\/v2\/tags?post=65753"}],"curies":[{"name":"wp","href":"https:\/\/api.w.org\/{rel}","templated":true}]}}