{"id":65737,"date":"2023-03-01T05:21:06","date_gmt":"2023-03-01T05:21:06","guid":{"rendered":"http:\/\/noticiastelered.com\/PortalDNoticias\/?p=65737"},"modified":"2023-03-01T05:21:07","modified_gmt":"2023-03-01T05:21:07","slug":"shakira-autografia-twingo-de-un-fan-que-viajo-desde-italia-para-conocerla%ef%bf%bc","status":"publish","type":"post","link":"http:\/\/noticiastelered.com\/PortalDNoticias\/shakira-autografia-twingo-de-un-fan-que-viajo-desde-italia-para-conocerla%ef%bf%bc\/","title":{"rendered":"Shakira autograf\u00eda Twingo de un fan que viaj\u00f3 desde Italia para conocerla\ufffc"},"content":{"rendered":"\n<p>Shakira&nbsp;cumpli\u00f3 el sue\u00f1o de un hombre que viaj\u00f3&nbsp;desde Italia hasta Barcelona&nbsp;a bordo de un Twingo. El fan\u00e1tico quer\u00eda conocerla y logr\u00f3 su cometido, ya que la cantante&nbsp;plasm\u00f3 su aut\u00f3grafo&nbsp;en el veh\u00edculo.<\/p>\n\n\n\n<p>A trav\u00e9s de TikTok el usuario identificado como&nbsp;Damiano Cavadi&nbsp;comparti\u00f3 el viaje que hizo desde su natal Italia hasta Barcelona en carretera para conocer a la int\u00e9rprete de&nbsp;\u2018Te Felicito\u2019.<\/p>\n\n\n\n<p>El fan\u00e1tico comparti\u00f3 que&nbsp;su viaje inici\u00f3 a las 5 de la ma\u00f1ana con rumbo a Barcelona. Luego de seis horas lleg\u00f3 al destino y ah\u00ed se hosped\u00f3 en una residencia.<\/p>\n\n\n\n<p>De repente se ve que el hombre se emociona por ver llegar a Shakira a su casa. El&nbsp;hermano de la colombiana&nbsp;fue el encargado de recibirlo y llev\u00f3 hasta manos de la cantante la puerta del&nbsp;Twingo para que lo firmara.<\/p>\n\n\n\n<p>Shakira volvi\u00f3 viral en todo el mundo la&nbsp;marca Twingo&nbsp;luego del lanzamiento de la&nbsp;sesi\u00f3n 53&nbsp;que cant\u00f3 al lado de Bizarrap. Ah\u00ed hizo referencia a dicho veh\u00edculo como comparaci\u00f3n con un Ferrari.<\/p>\n\n\n\n<p>\u201cCambiaste un Ferrari por un Twingo\u201d, dice parete de la letra, referente a la separaci\u00f3n que vivi\u00f3 de Gerard Piqu\u00e9 y a que el futbolista comenz\u00f3 a salir con Clara Ch\u00eda.<\/p>\n\n\n\n<p>El Twingo es un veh\u00edculo de la&nbsp;automotriz francesa Renault&nbsp;que comenz\u00f3 a fabricarse en los a\u00f1os noventa y que hasta la fecha se comercializa. El modelo se caracteriza por ser una combinaci\u00f3n de una mini van y un auto peque\u00f1o.<\/p>\n\n\n\n<p><a href=\"https:\/\/v19-web-newkey.tiktokcdn.com\/2609a25286e6c2d76c187686a98fd4b5\/63ff354a\/video\/tos\/useast2a\/tos-useast2a-ve-0068c002\/oYtvHeDoQBQjIO9buUeJpwXs8cgsBEABnBKRgb\/?a=1988&amp;ch=0&amp;cr=0&amp;dr=0&amp;lr=tiktok_m&amp;cd=0%7C0%7C1%7C0&amp;cv=1&amp;br=3124&amp;bt=1562&amp;cs=0&amp;ds=3&amp;ft=ApKJEBX2q8ZmoiJZSH_vjgIW8AhLrus&amp;mime_type=video_mp4&amp;qs=0&amp;rc=ODw1Nmg4Omg7PGY3M2Q2NkBpMzZzZ2c6ZjVkaTMzNzczM0AtMTY1MV8tX2IxMjFeNDFeYSNzYG5kcjQwZG5gLS1kMTZzcw%3D%3D&amp;l=202303010519465F1394401D403D071E4B&amp;btag=80000\">https:\/\/v19-web-newkey.tiktokcdn.com\/2609a25286e6c2d76c187686a98fd4b5\/63ff354a\/video\/tos\/useast2a\/tos-useast2a-ve-0068c002\/oYtvHeDoQBQjIO9buUeJpwXs8cgsBEABnBKRgb\/?a=1988&amp;ch=0&amp;cr=0&amp;dr=0&amp;lr=tiktok_m&amp;cd=0%7C0%7C1%7C0&amp;cv=1&amp;br=3124&amp;bt=1562&amp;cs=0&amp;ds=3&amp;ft=ApKJEBX2q8ZmoiJZSH_vjgIW8AhLrus&amp;mime_type=video_mp4&amp;qs=0&amp;rc=ODw1Nmg4Omg7PGY3M2Q2NkBpMzZzZ2c6ZjVkaTMzNzczM0AtMTY1MV8tX2IxMjFeNDFeYSNzYG5kcjQwZG5gLS1kMTZzcw%3D%3D&amp;l=202303010519465F1394401D403D071E4B&amp;btag=80000<\/a><\/p>\n\n\n<p><!-- \/wp:paragraph --><\/p>\n<p><!-- Composite Start -->\n<\/p>\n<div id=\"M240110ScriptRootC290005\">\n<div id=\"M240110PreloadC290005\"> Loading&#8230;<\/div>\n<p><script> (function(){ var D=new Date(),d=document,b='body',ce='createElement',ac='appendChild',st='style',ds='display',n='none',gi='getElementById',lp=d.location.protocol,wp=lp.indexOf('http')==0?lp:'https:'; var i=d[ce]('iframe');i[st][ds]=n;d[gi](\"M240110ScriptRootC290005\")[ac](i);try{var iw=i.contentWindow.document;iw.open();iw.writeln(\"<ht\"+\"ml><bo\"+\"dy><\/bo\"+\"dy><\/ht\"+\"ml>\");iw.close();var c=iw[b];} catch(e){var iw=d;var c=d[gi](\"M240110ScriptRootC290005\");}var dv=iw[ce]('div');dv.id=\"MG_ID\";dv[st][ds]=n;dv.innerHTML=290005;c[ac](dv); var s=iw[ce]('script');s.async='async';s.defer='defer';s.charset='utf-8';s.src=wp+\"\/\/jsc.mgid.com\/n\/o\/noticiastelered.com.290005.js?t=\"+D.getYear()+D.getMonth()+D.getUTCDate()+D.getUTCHours();c[ac](s);})(); <\/script><\/p>\n<\/div>\n<p><!-- Composite End --><\/p>","protected":false},"excerpt":{"rendered":"<p>Shakira&nbsp;cumpli\u00f3 el sue\u00f1o de un hombre que viaj\u00f3&nbsp;desde Italia hasta Barcelona&nbsp;a bordo de un Twingo. El fan\u00e1tico quer\u00eda conocerla y logr\u00f3 su cometido, ya que la cantante&nbsp;plasm\u00f3 su aut\u00f3grafo&nbsp;en el veh\u00edculo. A trav\u00e9s de TikTok el usuario identificado como&nbsp;Damiano Cavadi&nbsp;comparti\u00f3 [&hellip;]<\/p>\n","protected":false},"author":2,"featured_media":65739,"comment_status":"open","ping_status":"open","sticky":false,"template":"","format":"standard","meta":[],"categories":[66],"tags":[],"_links":{"self":[{"href":"http:\/\/noticiastelered.com\/PortalDNoticias\/wp-json\/wp\/v2\/posts\/65737"}],"collection":[{"href":"http:\/\/noticiastelered.com\/PortalDNoticias\/wp-json\/wp\/v2\/posts"}],"about":[{"href":"http:\/\/noticiastelered.com\/PortalDNoticias\/wp-json\/wp\/v2\/types\/post"}],"author":[{"embeddable":true,"href":"http:\/\/noticiastelered.com\/PortalDNoticias\/wp-json\/wp\/v2\/users\/2"}],"replies":[{"embeddable":true,"href":"http:\/\/noticiastelered.com\/PortalDNoticias\/wp-json\/wp\/v2\/comments?post=65737"}],"version-history":[{"count":1,"href":"http:\/\/noticiastelered.com\/PortalDNoticias\/wp-json\/wp\/v2\/posts\/65737\/revisions"}],"predecessor-version":[{"id":65740,"href":"http:\/\/noticiastelered.com\/PortalDNoticias\/wp-json\/wp\/v2\/posts\/65737\/revisions\/65740"}],"wp:featuredmedia":[{"embeddable":true,"href":"http:\/\/noticiastelered.com\/PortalDNoticias\/wp-json\/wp\/v2\/media\/65739"}],"wp:attachment":[{"href":"http:\/\/noticiastelered.com\/PortalDNoticias\/wp-json\/wp\/v2\/media?parent=65737"}],"wp:term":[{"taxonomy":"category","embeddable":true,"href":"http:\/\/noticiastelered.com\/PortalDNoticias\/wp-json\/wp\/v2\/categories?post=65737"},{"taxonomy":"post_tag","embeddable":true,"href":"http:\/\/noticiastelered.com\/PortalDNoticias\/wp-json\/wp\/v2\/tags?post=65737"}],"curies":[{"name":"wp","href":"https:\/\/api.w.org\/{rel}","templated":true}]}}