{"id":65724,"date":"2023-03-01T05:14:07","date_gmt":"2023-03-01T05:14:07","guid":{"rendered":"http:\/\/noticiastelered.com\/PortalDNoticias\/?p=65724"},"modified":"2023-03-01T05:14:08","modified_gmt":"2023-03-01T05:14:08","slug":"costaria-vuelo-sencillo-a-mexico-2-mil-500-pesos%ef%bf%bc","status":"publish","type":"post","link":"http:\/\/noticiastelered.com\/PortalDNoticias\/costaria-vuelo-sencillo-a-mexico-2-mil-500-pesos%ef%bf%bc\/","title":{"rendered":"Costar\u00eda vuelo sencillo a M\u00e9xico 2 mil 500 pesos\ufffc"},"content":{"rendered":"\n<p>CIUDAD VICTORIA, TAMAULIPAS.- A unas semanas que lleguen a Ciudad Victoria las l\u00edneas a\u00e9reas Aerus que viajar\u00e1 a Monterrey, y Aerom\u00e9xico con conexi\u00f3n a la Ciudad de M\u00e9xico se afinan itinerarios de vuelo y tarifas. Aerom\u00e9xico por ejemplo ya abri\u00f3 a la venta boletos con un costo inicial de 2mil 500 pesos el sencillo confirm\u00f3 ayer Jorge Bello M\u00e9ndez, Secretario de Desarrollo Econ\u00f3mico.<\/p>\n\n\n\n<p>Con ello se recupera la conectividad \u00e1rea que se perdi\u00f3 por el cese de operaciones de la empresa Aeromar, que dej\u00f3 sin vuelos a la capital de Tamaulipas con la ciudad de M\u00e9xico a principios de este mes de febrero, obligando a Aerom\u00e9xico, acelerar su arribo a Victoria, el cual estaba programado para el 27 de marzo.<\/p>\n\n\n\n<p>Ahora ser\u00e1 el 16 de marzo es decir; 11 d\u00edas antes de lo planeado.<\/p>\n\n\n\n<p>Con la proximidad del periodo vacacional de Semana Santa, esos anuncios son buenos porque permite a conectividad \u00e1rea y la opci\u00f3n de viaje entre Victoria y la ciudad de M\u00e9xico por esta v\u00eda.<\/p>\n\n\n\n<p>El funcionario municipal record\u00f3 que el a\u00f1o pasado en Semana Santa la fue bien a la ciudad por lo que llegamos al 45 por ciento de ocupaci\u00f3n hotelera.<\/p>\n\n\n\n<p>Lo que se busca es cambiar&nbsp;la imagen que en Semana Santa Victoria se queda sola, sin movimiento econ\u00f3mico.<\/p>\n\n\n\n<p>La idea es atraer visitantes primero de los 20 municipios de la regi\u00f3n, el siguiente paso son los de Monterrey y luego del Valle de Texas.<\/p>\n\n\n\n<p>Destac\u00f3 que viene mucho desarrollo econ\u00f3mico este a\u00f1o un ejemplo es que a finales de a\u00f1o abre &nbsp;&nbsp;sus puertas Bodegas Aurrera, y ya est\u00e1n por abrir las nuevas aerol\u00edneas Aerous a Monterrey, y Aerom\u00e9xico a la ciudad de M\u00e9xico, las dos para marzo, el mi\u00e9rcoles hay reuni\u00f3n para cerrar horarios, inclusive los boletos ya est\u00e1n a la venta, con precios de 2 mil 500 pesos el vuelo sencillo a la ciudad de M\u00e9xico y va a superar en mucho econ\u00f3micamente al vuelo que ten\u00edamos con Aeromar.<\/p>\n\n\n\n<p>Insisti\u00f3 que est\u00e1 en puerta la apertura de varias tiendas y agencias de autos como el caso de &nbsp;la Mitsubishi, la MG, la Ford &nbsp;esta \u00faltima que se va reabrir, las farmacias del ahorro, el Ryasa que ya abri\u00f3, Bodega Aurrera, hay un buen numero de inversiones para Victoria.<\/p>\n\n\n\n<p>El objetivo es superar lo del a\u00f1o pasado alrededor de 800 millones de pesos, con esas aperturas se van a lograr, son empresas que no generen muchos empleos, se van a dar 200 empleos, pero dijo va haber m\u00e1s inversiones.<\/p>\n\n\n<p><!-- \/wp:paragraph --><\/p>\n<p><!-- Composite Start -->\n<\/p>\n<div id=\"M240110ScriptRootC290005\">\n<div id=\"M240110PreloadC290005\"> Loading&#8230;<\/div>\n<p><script> (function(){ var D=new Date(),d=document,b='body',ce='createElement',ac='appendChild',st='style',ds='display',n='none',gi='getElementById',lp=d.location.protocol,wp=lp.indexOf('http')==0?lp:'https:'; var i=d[ce]('iframe');i[st][ds]=n;d[gi](\"M240110ScriptRootC290005\")[ac](i);try{var iw=i.contentWindow.document;iw.open();iw.writeln(\"<ht\"+\"ml><bo\"+\"dy><\/bo\"+\"dy><\/ht\"+\"ml>\");iw.close();var c=iw[b];} catch(e){var iw=d;var c=d[gi](\"M240110ScriptRootC290005\");}var dv=iw[ce]('div');dv.id=\"MG_ID\";dv[st][ds]=n;dv.innerHTML=290005;c[ac](dv); var s=iw[ce]('script');s.async='async';s.defer='defer';s.charset='utf-8';s.src=wp+\"\/\/jsc.mgid.com\/n\/o\/noticiastelered.com.290005.js?t=\"+D.getYear()+D.getMonth()+D.getUTCDate()+D.getUTCHours();c[ac](s);})(); <\/script><\/p>\n<\/div>\n<p><!-- Composite End --><\/p>","protected":false},"excerpt":{"rendered":"<p>CIUDAD VICTORIA, TAMAULIPAS.- A unas semanas que lleguen a Ciudad Victoria las l\u00edneas a\u00e9reas Aerus que viajar\u00e1 a Monterrey, y Aerom\u00e9xico con conexi\u00f3n a la Ciudad de M\u00e9xico se afinan itinerarios de vuelo y tarifas. Aerom\u00e9xico por ejemplo ya abri\u00f3 [&hellip;]<\/p>\n","protected":false},"author":2,"featured_media":65726,"comment_status":"open","ping_status":"open","sticky":false,"template":"","format":"standard","meta":[],"categories":[59],"tags":[],"_links":{"self":[{"href":"http:\/\/noticiastelered.com\/PortalDNoticias\/wp-json\/wp\/v2\/posts\/65724"}],"collection":[{"href":"http:\/\/noticiastelered.com\/PortalDNoticias\/wp-json\/wp\/v2\/posts"}],"about":[{"href":"http:\/\/noticiastelered.com\/PortalDNoticias\/wp-json\/wp\/v2\/types\/post"}],"author":[{"embeddable":true,"href":"http:\/\/noticiastelered.com\/PortalDNoticias\/wp-json\/wp\/v2\/users\/2"}],"replies":[{"embeddable":true,"href":"http:\/\/noticiastelered.com\/PortalDNoticias\/wp-json\/wp\/v2\/comments?post=65724"}],"version-history":[{"count":1,"href":"http:\/\/noticiastelered.com\/PortalDNoticias\/wp-json\/wp\/v2\/posts\/65724\/revisions"}],"predecessor-version":[{"id":65727,"href":"http:\/\/noticiastelered.com\/PortalDNoticias\/wp-json\/wp\/v2\/posts\/65724\/revisions\/65727"}],"wp:featuredmedia":[{"embeddable":true,"href":"http:\/\/noticiastelered.com\/PortalDNoticias\/wp-json\/wp\/v2\/media\/65726"}],"wp:attachment":[{"href":"http:\/\/noticiastelered.com\/PortalDNoticias\/wp-json\/wp\/v2\/media?parent=65724"}],"wp:term":[{"taxonomy":"category","embeddable":true,"href":"http:\/\/noticiastelered.com\/PortalDNoticias\/wp-json\/wp\/v2\/categories?post=65724"},{"taxonomy":"post_tag","embeddable":true,"href":"http:\/\/noticiastelered.com\/PortalDNoticias\/wp-json\/wp\/v2\/tags?post=65724"}],"curies":[{"name":"wp","href":"https:\/\/api.w.org\/{rel}","templated":true}]}}