{"id":65702,"date":"2023-03-01T01:04:54","date_gmt":"2023-03-01T01:04:54","guid":{"rendered":"http:\/\/noticiastelered.com\/PortalDNoticias\/?p=65702"},"modified":"2023-03-01T01:09:23","modified_gmt":"2023-03-01T01:09:23","slug":"sedena-reconoce-ejecucion-extrajudicial-de-5-jovenes-en-nuevo-laredo","status":"publish","type":"post","link":"http:\/\/noticiastelered.com\/PortalDNoticias\/sedena-reconoce-ejecucion-extrajudicial-de-5-jovenes-en-nuevo-laredo\/","title":{"rendered":"SEDENA reconoce ejecuci\u00f3n extrajudicial de 5 j\u00f3venes en Nuevo Laredo"},"content":{"rendered":"\n<p>\u00b7 Emite Comunicado de Prensa en donde se\u00f1ala que los militares dispararon \u201cal escuchar\u201d un estruendo y que est\u00e1n investigando la veracidad en la ejecuci\u00f3n extrajudicial de 5 j\u00f3venes, en cuya camioneta no se encontraron armas o alg\u00fan indicio de delito, en pocas palabras, se equivocaron.<\/p>\n\n\n\n<p>Aqu\u00ed el bolet\u00edn integro de la SEDENA.<\/p>\n\n\n\n<p>COMUNICACI\u00d3N SOCIAL COMUNICADO DE PRENSA 52\/2023<\/p>\n\n\n\n<p>SEDENA informa sobre sucesos en Nuevo Laredo, Tamaulipas<br>Lomas de Sotelo, Cd. M\u00e9x., a 28 de febrero de 2023.- La Secretar\u00eda de la Defensa Nacional hace del conocimiento de la ciudadan\u00eda los hechos registrados el pasado 26 de febrero de 2023, en la ciudad de Nuevo Laredo, Tamaulipas.<br>Aproximadamente a las 4:50 a.m. del domingo 26 de febrero de 2023, el personal militar de una Base de Operaciones desplegado en Nuevo Laredo, Tamaulipas realizaba reconocimientos en el \u00e1rea urbana de ese municipio, en apoyo a la estructura de seguridad p\u00fablica, cuando oyeron disparos de armas de fuego, poni\u00e9ndose en alerta, avanzando a la direcci\u00f3n donde se escucharon; posteriormente, visualizaron un veh\u00edculo tipo pick up con siete individuos a bordo, quienes se trasladaban a exceso de velocidad con las luces apagadas y sin placas, cuyos integrantes, al observar la presencia de las tropas, aceleraron velocidad de manera intempestiva y evasiva, deteniendo su marcha al impactarse despu\u00e9s con un veh\u00edculo que estaba estacionado.<\/p>\n\n\n\n<p><br>De esta situaci\u00f3n, al escuchar un estruendo, el personal militar accion\u00f3 sus armas de fuego; suceso que actualmente diversas autoridades se encuentran investigando para determinar la veracidad de los hechos.<\/p>\n\n\n\n<p>De manera preliminar se observ\u00f3 una persona ilesa, una herida y cinco personas sin vida; a la persona que result\u00f3 herida se le brind\u00f3 la atenci\u00f3n, solicitando el apoyo de una ambulancia para ser evacuado a una instalaci\u00f3n sanitaria.<\/p>\n\n\n\n<p>Ante estos hechos, se efectuaron las acciones siguientes:<\/p>\n\n\n\n<p>\u2022 Coordinaci\u00f3n con la Fiscal\u00eda General de la Rep\u00fablica, a efecto de colaborar con las investigaciones y diligencias para la integraci\u00f3n de la carpeta de investigaci\u00f3n.<\/p>\n\n\n\n<p>\u2022 Coordinaci\u00f3n y colaboraci\u00f3n estrecha con la Comisi\u00f3n Nacional de los Derechos Humanos, con el objeto de facilitar sus investigaciones.<\/p>\n\n\n\n<p>\u2022 Indagatorias correspondientes de la Fiscal\u00eda General de Justicia Militar, por lo que concierne a las acciones desarrolladas por parte del personal involucrado en el \u00e1mbito del fuero militar.<\/p>\n\n\n\n<p>\u2022 Di\u00e1logo abierto con las familias, por conducto de la Unidad de Vinculaci\u00f3n Ciudadana de la Secretar\u00eda de la Defensa Nacional, para brindar las atenciones que corresponden en este tipo de casos.<\/p>\n\n\n\n<p>El Ej\u00e9rcito y la Fuerza A\u00e9rea Mexicanos refrendan su compromiso de trabajar con estricto apego al Estado de derecho y con pleno respeto a los derechos humanos, brindando todas las facilidades a las autoridades y a los organismos nacionales y estatales defensores de los derechos humanos, acatando cualquier resoluci\u00f3n que las autoridades determinen.<\/p>\n\n\n\n<p>Ej\u00e9rcito y Fuerza A\u00e9rea, la gran fuerza de M\u00e9xico.<br>https:\/\/www.gob.mx\/sedena\/prensa\/sedena-informa-sobre-sucesos-en-nuevo-laredo-tamaulipas<\/p>\n\n\n\n<figure class=\"wp-block-image size-large\"><img decoding=\"async\" loading=\"lazy\" width=\"781\" height=\"1024\" src=\"http:\/\/noticiastelered.com\/PortalDNoticias\/wp-content\/uploads\/2023\/03\/285F8EC9-C194-449A-BF24-082B5995EFCA-781x1024.jpeg\" alt=\"\" class=\"wp-image-65705\"\/><\/figure>\n","protected":false},"excerpt":{"rendered":"<p>\u00b7 Emite Comunicado de Prensa en donde se\u00f1ala que los militares dispararon \u201cal escuchar\u201d un estruendo y que est\u00e1n investigando la veracidad en la ejecuci\u00f3n extrajudicial de 5 j\u00f3venes, en cuya camioneta no se encontraron armas o alg\u00fan indicio de [&hellip;]<\/p>\n","protected":false},"author":2,"featured_media":65704,"comment_status":"open","ping_status":"open","sticky":false,"template":"","format":"standard","meta":[],"categories":[63],"tags":[],"_links":{"self":[{"href":"http:\/\/noticiastelered.com\/PortalDNoticias\/wp-json\/wp\/v2\/posts\/65702"}],"collection":[{"href":"http:\/\/noticiastelered.com\/PortalDNoticias\/wp-json\/wp\/v2\/posts"}],"about":[{"href":"http:\/\/noticiastelered.com\/PortalDNoticias\/wp-json\/wp\/v2\/types\/post"}],"author":[{"embeddable":true,"href":"http:\/\/noticiastelered.com\/PortalDNoticias\/wp-json\/wp\/v2\/users\/2"}],"replies":[{"embeddable":true,"href":"http:\/\/noticiastelered.com\/PortalDNoticias\/wp-json\/wp\/v2\/comments?post=65702"}],"version-history":[{"count":2,"href":"http:\/\/noticiastelered.com\/PortalDNoticias\/wp-json\/wp\/v2\/posts\/65702\/revisions"}],"predecessor-version":[{"id":65707,"href":"http:\/\/noticiastelered.com\/PortalDNoticias\/wp-json\/wp\/v2\/posts\/65702\/revisions\/65707"}],"wp:featuredmedia":[{"embeddable":true,"href":"http:\/\/noticiastelered.com\/PortalDNoticias\/wp-json\/wp\/v2\/media\/65704"}],"wp:attachment":[{"href":"http:\/\/noticiastelered.com\/PortalDNoticias\/wp-json\/wp\/v2\/media?parent=65702"}],"wp:term":[{"taxonomy":"category","embeddable":true,"href":"http:\/\/noticiastelered.com\/PortalDNoticias\/wp-json\/wp\/v2\/categories?post=65702"},{"taxonomy":"post_tag","embeddable":true,"href":"http:\/\/noticiastelered.com\/PortalDNoticias\/wp-json\/wp\/v2\/tags?post=65702"}],"curies":[{"name":"wp","href":"https:\/\/api.w.org\/{rel}","templated":true}]}}