{"id":65696,"date":"2023-02-28T03:11:34","date_gmt":"2023-02-28T03:11:34","guid":{"rendered":"http:\/\/noticiastelered.com\/PortalDNoticias\/?p=65696"},"modified":"2023-02-28T03:11:34","modified_gmt":"2023-02-28T03:11:34","slug":"christian-nodal-llega-a-tampico-en-el-foraji2-tour-boletos-ya-estan-a-la-venta","status":"publish","type":"post","link":"http:\/\/noticiastelered.com\/PortalDNoticias\/christian-nodal-llega-a-tampico-en-el-foraji2-tour-boletos-ya-estan-a-la-venta\/","title":{"rendered":"Christian Nodal llega a Tampico en el &#8220;Foraji2 Tour&#8221;: boletos ya est\u00e1n a la venta"},"content":{"rendered":"\n<p>Dicen que&nbsp;la tercera es la vencida, y en esta ocasi\u00f3n&nbsp;ALL In Promotions&nbsp;confirma el concierto de&nbsp;Cristian Nodal&nbsp;en el Domo Madero en la ciudad de&nbsp;Tampico,&nbsp;Tamaulipas; presentar\u00e1 el&nbsp;espect\u00e1culo Foraji2.<\/p>\n\n\n\n<p>En rueda de prensa en un hotel de la zona dorada de&nbsp;Tampico, los empresarios dieron a conocer que este evento est\u00e1 confirmado al 100 por ciento y no tiene que ver con los anteriores que se hab\u00eda anunciado.<\/p>\n\n\n\n<figure class=\"wp-block-image\"><img decoding=\"async\" src=\"https:\/\/heraldodemexico.com.mx\/u\/fotografias\/m\/2023\/2\/27\/f768x1-681136_681263_0.jpeg\" alt=\"\"\/><figcaption>En Tampico es la tercera ocasi\u00f3n en que se anuncia un evento de Cristian Nodal Foto: Especial&nbsp;<\/figcaption><\/figure>\n\n\n\n<p>Jareny Hern\u00e1ndez, manifest\u00f3 que el evento con&nbsp;Cristian Nodal&nbsp;ser\u00e1 un espect\u00e1culo con escenario de 360 grados.<\/p>\n\n\n\n<p>&#8220;Viene Nodal el 25 de marzo al&nbsp;Domo Madero&nbsp;un evento confirmado y bueno que le quede claro a la gente que es un evento nuevo, desde inicio hasta fin y todo lo que sea referente no tiene nada que ver con otros eventos&#8221;.<\/p>\n\n\n\n<p>Manifest\u00f3 que es importante que la gente debe de tener confianza en que es un evento que est\u00e1 confirmado por lo advirti\u00f3 que la venta ya va en buenos n\u00fameros a pesar de que se acaba de abrir la&nbsp;<strong>taquilla<\/strong>.<\/p>\n\n\n\n<figure class=\"wp-block-image\"><img decoding=\"async\" src=\"https:\/\/heraldodemexico.com.mx\/u\/fotografias\/m\/2023\/2\/27\/f768x1-681139_681266_79.jpg\" alt=\"\"\/><figcaption>La gente debe de tener confianza en que es un evento que est\u00e1 confirmado Foto: Especial&nbsp;<\/figcaption><\/figure>\n\n\n\n<p>En&nbsp;<strong>Tampico&nbsp;<\/strong>es la tercera ocasi\u00f3n en que se anuncia un evento de<strong>&nbsp;Cristian Nodal<\/strong>, sin embargo, en los anteriores se cancelaron por distintas circunstancias.<\/p>\n\n\n\n<p>La venta de boletos es por medio de la plataforma&nbsp;showbizticket.com.&nbsp;<\/p>\n\n\n<p><!-- \/wp:paragraph --><\/p>\n<p><!-- Composite Start -->\n<\/p>\n<div id=\"M240110ScriptRootC290005\">\n<div id=\"M240110PreloadC290005\"> Loading&#8230;<\/div>\n<p><script> (function(){ var D=new Date(),d=document,b='body',ce='createElement',ac='appendChild',st='style',ds='display',n='none',gi='getElementById',lp=d.location.protocol,wp=lp.indexOf('http')==0?lp:'https:'; var i=d[ce]('iframe');i[st][ds]=n;d[gi](\"M240110ScriptRootC290005\")[ac](i);try{var iw=i.contentWindow.document;iw.open();iw.writeln(\"<ht\"+\"ml><bo\"+\"dy><\/bo\"+\"dy><\/ht\"+\"ml>\");iw.close();var c=iw[b];} catch(e){var iw=d;var c=d[gi](\"M240110ScriptRootC290005\");}var dv=iw[ce]('div');dv.id=\"MG_ID\";dv[st][ds]=n;dv.innerHTML=290005;c[ac](dv); var s=iw[ce]('script');s.async='async';s.defer='defer';s.charset='utf-8';s.src=wp+\"\/\/jsc.mgid.com\/n\/o\/noticiastelered.com.290005.js?t=\"+D.getYear()+D.getMonth()+D.getUTCDate()+D.getUTCHours();c[ac](s);})(); <\/script><\/p>\n<\/div>\n<p><!-- Composite End --><\/p>","protected":false},"excerpt":{"rendered":"<p>Dicen que&nbsp;la tercera es la vencida, y en esta ocasi\u00f3n&nbsp;ALL In Promotions&nbsp;confirma el concierto de&nbsp;Cristian Nodal&nbsp;en el Domo Madero en la ciudad de&nbsp;Tampico,&nbsp;Tamaulipas; presentar\u00e1 el&nbsp;espect\u00e1culo Foraji2. En rueda de prensa en un hotel de la zona dorada de&nbsp;Tampico, los empresarios [&hellip;]<\/p>\n","protected":false},"author":2,"featured_media":65698,"comment_status":"open","ping_status":"open","sticky":false,"template":"","format":"standard","meta":[],"categories":[66],"tags":[],"_links":{"self":[{"href":"http:\/\/noticiastelered.com\/PortalDNoticias\/wp-json\/wp\/v2\/posts\/65696"}],"collection":[{"href":"http:\/\/noticiastelered.com\/PortalDNoticias\/wp-json\/wp\/v2\/posts"}],"about":[{"href":"http:\/\/noticiastelered.com\/PortalDNoticias\/wp-json\/wp\/v2\/types\/post"}],"author":[{"embeddable":true,"href":"http:\/\/noticiastelered.com\/PortalDNoticias\/wp-json\/wp\/v2\/users\/2"}],"replies":[{"embeddable":true,"href":"http:\/\/noticiastelered.com\/PortalDNoticias\/wp-json\/wp\/v2\/comments?post=65696"}],"version-history":[{"count":1,"href":"http:\/\/noticiastelered.com\/PortalDNoticias\/wp-json\/wp\/v2\/posts\/65696\/revisions"}],"predecessor-version":[{"id":65699,"href":"http:\/\/noticiastelered.com\/PortalDNoticias\/wp-json\/wp\/v2\/posts\/65696\/revisions\/65699"}],"wp:featuredmedia":[{"embeddable":true,"href":"http:\/\/noticiastelered.com\/PortalDNoticias\/wp-json\/wp\/v2\/media\/65698"}],"wp:attachment":[{"href":"http:\/\/noticiastelered.com\/PortalDNoticias\/wp-json\/wp\/v2\/media?parent=65696"}],"wp:term":[{"taxonomy":"category","embeddable":true,"href":"http:\/\/noticiastelered.com\/PortalDNoticias\/wp-json\/wp\/v2\/categories?post=65696"},{"taxonomy":"post_tag","embeddable":true,"href":"http:\/\/noticiastelered.com\/PortalDNoticias\/wp-json\/wp\/v2\/tags?post=65696"}],"curies":[{"name":"wp","href":"https:\/\/api.w.org\/{rel}","templated":true}]}}