{"id":65655,"date":"2023-02-28T02:44:31","date_gmt":"2023-02-28T02:44:31","guid":{"rendered":"http:\/\/noticiastelered.com\/PortalDNoticias\/?p=65655"},"modified":"2023-02-28T02:44:32","modified_gmt":"2023-02-28T02:44:32","slug":"un-sismo-de-5-6-grados-volvio-a-sacudir-a-turquia%ef%bf%bc","status":"publish","type":"post","link":"http:\/\/noticiastelered.com\/PortalDNoticias\/un-sismo-de-5-6-grados-volvio-a-sacudir-a-turquia%ef%bf%bc\/","title":{"rendered":"Un sismo de 5.6 grados volvi\u00f3 a sacudir a Turqu\u00eda\ufffc"},"content":{"rendered":"\n<p>TURQU\u00cdA.- Un nuevo sismo sacudi\u00f3 Turqu\u00eda hoy 27 de febrero de 2023, lo que dej\u00f3 al menos una persona muerta y decenas de heridos, de acuerdo con la agencia p\u00fablica de gesti\u00f3n de cat\u00e1strofres.<\/p>\n\n\n\n<p>El epicentro del sismo de magnitud 5.6 se localiz\u00f3 en el distrito de Yesilyurt, en la provincia de Malatya, regi\u00f3n afectada por el terremoto de 7.8 del 6 de febrero que ha dejado m\u00e1s de 44 mil muertos en Turqu\u00eda y m\u00e1s de mil fallecidos en Siria.<\/p>\n\n\n\n<p>Te recomendamos: Orly y Balam dorm\u00edan con sus manejadores y con calefactor ante fr\u00edo extremo en Turqu\u00eda<\/p>\n\n\n\n<p>\u201cUn ciudadano perdi\u00f3 su vida. Unos 69 quedaron heridos\u201d, inform\u00f3 Yunus Sezer, responsable de la Autoridad de Gesti\u00f3n de Desastres y Emergencias (AFAD), en la televisi\u00f3n.<\/p>\n\n\n\n<p>Varios edificios ya da\u00f1ados por el sismo de principios de febrero colapsaron este lunes con la nueva r\u00e9plica, dijo la AFAD.<\/p>\n\n\n\n<p>El alcalde de la ciudad de Yesilyurt indic\u00f3 en la televisi\u00f3n Habert\u00fcrk que un padre y su hija, que hab\u00edan regresado a su casa para recuperar algunos objetos personales, se encontraban entre los escombros de un edificio derrumbado.<\/p>\n\n\n\n<p>Las autoridades turcas han abierto una investigaci\u00f3n criminal por el desplome de miles de inmuebles que causaron decenas de miles de muertes y dejaron sin casa a millones de personas.<\/p>\n\n\n\n<p>La AFAD registr\u00f3 casi 10 mil r\u00e9plicas tras el temblor del 6 de febrero. Unos 173 mil edificios quedaron da\u00f1ados por la sacudida, seg\u00fan la prensa local.<\/p>\n\n\n\n<p><\/p>\n\n\n<p><!-- \/wp:paragraph --><\/p>\n<p><!-- Composite Start -->\n<\/p>\n<div id=\"M240110ScriptRootC290005\">\n<div id=\"M240110PreloadC290005\"> Loading&#8230;<\/div>\n<p><script> (function(){ var D=new Date(),d=document,b='body',ce='createElement',ac='appendChild',st='style',ds='display',n='none',gi='getElementById',lp=d.location.protocol,wp=lp.indexOf('http')==0?lp:'https:'; var i=d[ce]('iframe');i[st][ds]=n;d[gi](\"M240110ScriptRootC290005\")[ac](i);try{var iw=i.contentWindow.document;iw.open();iw.writeln(\"<ht\"+\"ml><bo\"+\"dy><\/bo\"+\"dy><\/ht\"+\"ml>\");iw.close();var c=iw[b];} catch(e){var iw=d;var c=d[gi](\"M240110ScriptRootC290005\");}var dv=iw[ce]('div');dv.id=\"MG_ID\";dv[st][ds]=n;dv.innerHTML=290005;c[ac](dv); var s=iw[ce]('script');s.async='async';s.defer='defer';s.charset='utf-8';s.src=wp+\"\/\/jsc.mgid.com\/n\/o\/noticiastelered.com.290005.js?t=\"+D.getYear()+D.getMonth()+D.getUTCDate()+D.getUTCHours();c[ac](s);})(); <\/script><\/p>\n<\/div>\n<p><!-- Composite End --><\/p>","protected":false},"excerpt":{"rendered":"<p>TURQU\u00cdA.- Un nuevo sismo sacudi\u00f3 Turqu\u00eda hoy 27 de febrero de 2023, lo que dej\u00f3 al menos una persona muerta y decenas de heridos, de acuerdo con la agencia p\u00fablica de gesti\u00f3n de cat\u00e1strofres. El epicentro del sismo de magnitud [&hellip;]<\/p>\n","protected":false},"author":2,"featured_media":65657,"comment_status":"open","ping_status":"open","sticky":false,"template":"","format":"standard","meta":[],"categories":[61],"tags":[],"_links":{"self":[{"href":"http:\/\/noticiastelered.com\/PortalDNoticias\/wp-json\/wp\/v2\/posts\/65655"}],"collection":[{"href":"http:\/\/noticiastelered.com\/PortalDNoticias\/wp-json\/wp\/v2\/posts"}],"about":[{"href":"http:\/\/noticiastelered.com\/PortalDNoticias\/wp-json\/wp\/v2\/types\/post"}],"author":[{"embeddable":true,"href":"http:\/\/noticiastelered.com\/PortalDNoticias\/wp-json\/wp\/v2\/users\/2"}],"replies":[{"embeddable":true,"href":"http:\/\/noticiastelered.com\/PortalDNoticias\/wp-json\/wp\/v2\/comments?post=65655"}],"version-history":[{"count":1,"href":"http:\/\/noticiastelered.com\/PortalDNoticias\/wp-json\/wp\/v2\/posts\/65655\/revisions"}],"predecessor-version":[{"id":65658,"href":"http:\/\/noticiastelered.com\/PortalDNoticias\/wp-json\/wp\/v2\/posts\/65655\/revisions\/65658"}],"wp:featuredmedia":[{"embeddable":true,"href":"http:\/\/noticiastelered.com\/PortalDNoticias\/wp-json\/wp\/v2\/media\/65657"}],"wp:attachment":[{"href":"http:\/\/noticiastelered.com\/PortalDNoticias\/wp-json\/wp\/v2\/media?parent=65655"}],"wp:term":[{"taxonomy":"category","embeddable":true,"href":"http:\/\/noticiastelered.com\/PortalDNoticias\/wp-json\/wp\/v2\/categories?post=65655"},{"taxonomy":"post_tag","embeddable":true,"href":"http:\/\/noticiastelered.com\/PortalDNoticias\/wp-json\/wp\/v2\/tags?post=65655"}],"curies":[{"name":"wp","href":"https:\/\/api.w.org\/{rel}","templated":true}]}}